{"id":1565,"date":"2024-07-05T09:57:02","date_gmt":"2024-07-05T06:57:02","guid":{"rendered":"https:\/\/www.turhalhakimiyet.com\/?p=1565"},"modified":"2024-07-05T09:57:02","modified_gmt":"2024-07-05T06:57:02","slug":"balya-makinesi-yandi-alevler-ekili-tarlaya-sicradi","status":"publish","type":"post","link":"https:\/\/www.turhalhakimiyet.com\/index.php\/balya-makinesi-yandi-alevler-ekili-tarlaya-sicradi\/","title":{"rendered":"Balya makinesi yand\u0131, alevler ekili tarlaya s\u0131\u00e7rad\u0131"},"content":{"rendered":"\n<p>Tokat\u2019ta yanan balya makinesinde ba\u015flayan yang\u0131n ekibi bu\u011fday tarlas\u0131na s\u0131\u00e7rad\u0131, 200 d\u00f6n\u00fcml\u00fck ekili bu\u011fday zarar g\u00f6rd\u00fc.<\/p>\n\n\n\n<p>Yang\u0131n, saat 14.00 s\u0131ralar\u0131nda Turhal il\u00e7esine ba\u011fl\u0131 Yaz\u0131tepe ve \u00c7aml\u0131ca k\u00f6y\u00fc s\u0131n\u0131r\u0131nda bulunan ekili arazilerde meydana geldi. \u0130ddiaya g\u00f6re tarlada \u00e7al\u0131\u015fma yapan saman balyas\u0131 makinesi alev ald\u0131. R\u00fczgar\u0131nda etkisiyle alevler bu\u011fday ekili araziye s\u0131\u00e7rad\u0131. K\u0131sa s\u00fcrede b\u00fcy\u00fcyen alevlere b\u00f6lgede yap\u0131m\u0131 devam eden baraj in\u015faat\u0131nda \u00e7al\u0131\u015fan i\u015f\u00e7iler, \u00f6zel idare ekipleri, k\u00f6y sakinleri ve \u00e7evre belediyelerden gelen itfaiye ekipleri m\u00fcdahale etti. 2 saatlik \u00e7al\u0131\u015fman\u0131n ard\u0131ndan yang\u0131n kontrol alt\u0131na al\u0131narak s\u00f6nd\u00fcrme \u00e7al\u0131\u015fmalar\u0131 ba\u015flad\u0131. Yang\u0131n nedeniyle 200 d\u00f6n\u00fcm bu\u011fday ekili alan hasar g\u00f6rd\u00fc.<\/p>\n\n\n\n<p>Vatanda\u015f ve devlet yetkililerinin yang\u0131n\u0131 s\u00f6nd\u00fcrmek i\u00e7in seferber oldu\u011funu s\u00f6yleyen \u00c7aml\u0131ca K\u00f6y\u00fc muhtar\u0131 Murat \u00c7am, \u201cTokat\u2019\u0131n Turhal il\u00e7esi Yaz\u0131tepe ve \u00c7aml\u0131ca k\u00f6y\u00fc arazisinin i\u00e7erisinde bulunmaktay\u0131z. Burada balya makinesinden \u00e7\u0131km\u0131\u015f olan yang\u0131n araziyi baya\u011f\u0131 yakm\u0131\u015f bulunmaktad\u0131r. \u00d6zel idaresi i\u015f makineleri ile baraj in\u015faat\u0131nda \u00e7al\u0131\u015fan i\u015f\u00e7iler Yaz\u0131tepe ve \u00c7aml\u0131ca k\u00f6y\u00fc sakinleri yang\u0131n\u0131 s\u00f6nd\u00fcrmek i\u00e7in seferber oldu. R\u00fczgar\u0131nda etkisiyle yang\u0131n b\u00fcy\u00fcd\u00fc. \u015eu anda yang\u0131n kontrol alt\u0131na al\u0131nd\u0131. So\u011futma i\u015flemleri devam ediyor\u201d dedi.<\/p>\n","protected":false},"excerpt":{"rendered":"<p>Tokat\u2019ta yanan balya makinesinde ba\u015flayan yang\u0131n ekibi bu\u011fday tarlas\u0131na s\u0131\u00e7rad\u0131, 200 d\u00f6n\u00fcml\u00fck ekili bu\u011fday zarar g\u00f6rd\u00fc. Yang\u0131n, saat 14.00 s\u0131ralar\u0131nda Turhal il\u00e7esine ba\u011fl\u0131 Yaz\u0131tepe ve \u00c7aml\u0131ca k\u00f6y\u00fc s\u0131n\u0131r\u0131nda bulunan ekili arazilerde meydana geldi. \u0130ddiaya g\u00f6re tarlada \u00e7al\u0131\u015fma yapan saman balyas\u0131 makinesi alev ald\u0131. R\u00fczgar\u0131nda etkisiyle alevler bu\u011fday ekili araziye s\u0131\u00e7rad\u0131. K\u0131sa s\u00fcrede b\u00fcy\u00fcyen alevlere b\u00f6lgede [&hellip;]<\/p>\n","protected":false},"author":2,"featured_media":1566,"comment_status":"open","ping_status":"open","sticky":false,"template":"","format":"standard","meta":{"footnotes":""},"categories":[1],"tags":[],"class_list":["post-1565","post","type-post","status-publish","format-standard","has-post-thumbnail","hentry","category-turhal-haberleri"],"_links":{"self":[{"href":"https:\/\/www.turhalhakimiyet.com\/index.php\/wp-json\/wp\/v2\/posts\/1565","targetHints":{"allow":["GET"]}}],"collection":[{"href":"https:\/\/www.turhalhakimiyet.com\/index.php\/wp-json\/wp\/v2\/posts"}],"about":[{"href":"https:\/\/www.turhalhakimiyet.com\/index.php\/wp-json\/wp\/v2\/types\/post"}],"author":[{"embeddable":true,"href":"https:\/\/www.turhalhakimiyet.com\/index.php\/wp-json\/wp\/v2\/users\/2"}],"replies":[{"embeddable":true,"href":"https:\/\/www.turhalhakimiyet.com\/index.php\/wp-json\/wp\/v2\/comments?post=1565"}],"version-history":[{"count":1,"href":"https:\/\/www.turhalhakimiyet.com\/index.php\/wp-json\/wp\/v2\/posts\/1565\/revisions"}],"predecessor-version":[{"id":1567,"href":"https:\/\/www.turhalhakimiyet.com\/index.php\/wp-json\/wp\/v2\/posts\/1565\/revisions\/1567"}],"wp:featuredmedia":[{"embeddable":true,"href":"https:\/\/www.turhalhakimiyet.com\/index.php\/wp-json\/wp\/v2\/media\/1566"}],"wp:attachment":[{"href":"https:\/\/www.turhalhakimiyet.com\/index.php\/wp-json\/wp\/v2\/media?parent=1565"}],"wp:term":[{"taxonomy":"category","embeddable":true,"href":"https:\/\/www.turhalhakimiyet.com\/index.php\/wp-json\/wp\/v2\/categories?post=1565"},{"taxonomy":"post_tag","embeddable":true,"href":"https:\/\/www.turhalhakimiyet.com\/index.php\/wp-json\/wp\/v2\/tags?post=1565"}],"curies":[{"name":"wp","href":"https:\/\/api.w.org\/{rel}","templated":true}]}}