{"id":157,"date":"2021-05-23T19:26:49","date_gmt":"2021-05-23T16:26:49","guid":{"rendered":"https:\/\/www.turhalhakimiyet.com\/?p=157"},"modified":"2021-05-23T19:29:57","modified_gmt":"2021-05-23T16:29:57","slug":"gorenler-polisi-aradi-gercek-bambaska-cikti","status":"publish","type":"post","link":"https:\/\/www.turhalhakimiyet.com\/index.php\/gorenler-polisi-aradi-gercek-bambaska-cikti\/","title":{"rendered":"G\u00f6renler polisi arad\u0131, ger\u00e7ek bamba\u015fka \u00e7\u0131kt\u0131"},"content":{"rendered":"<p>Tokat kalesinde ki \u015f\u00fcpheli hareketler polisi alarma ge\u00e7irdi, ortaya \u00e7\u0131kan ger\u00e7ek g\u00fcl\u00fcmsetti.<br \/>\nTokat\u2019ta bug\u00fcn meydana gelen olayda, vatanda\u015flar, surlar\u0131n \u00e7evresinde tehlikeli hareketler yapar 4 ki\u015fiyi polise bildirdi. Polis ekipleri ihbar\u0131 al\u0131r almaz olay yerine gitti. Olay yerine vard\u0131klar\u0131nda ger\u00e7ek ortaya \u00e7\u0131kt\u0131. Ortaya \u00e7\u0131kan ger\u00e7ek herkesi g\u00fcl\u00fcmsetti. Tehlikeli hareketleri ile dikkat \u00e7eken ki\u015filerin, kale \u00e7evresinde koruma a\u011f\u0131 \u00f6ren i\u015f\u00e7iler oldu\u011fu anla\u015f\u0131ld\u0131. Olaya \u015fahit olan ticari taksi s\u00fcr\u00fcc\u00fcs\u00fc Mustafa D\u00f6nd\u00fcr, ki\u015filerin tehlikeli hareketlerinden \u015f\u00fcphelenip polisi arad\u0131klar\u0131n\u0131 belirtip, \u201cAma \u00f6yle bir \u015fey yokmu\u015f. Kaleden ta\u015f d\u00fc\u015fmemesi i\u00e7in tel \u00f6rg\u00fc \u00e7ekiyorlar. O nedenle sak\u0131ncal\u0131 bir \u015fey yok. Bu durumu g\u00f6renler polisi aram\u0131\u015f. \u0130lk bak\u0131\u015fta yanl\u0131\u015f anla\u015f\u0131labiliyor ama i\u015fin asl\u0131 ba\u015fka\u201d dedi.<\/p>\n","protected":false},"excerpt":{"rendered":"<p>Tokat kalesinde ki \u015f\u00fcpheli hareketler polisi alarma ge\u00e7irdi, ortaya \u00e7\u0131kan ger\u00e7ek g\u00fcl\u00fcmsetti. Tokat\u2019ta bug\u00fcn meydana gelen olayda, vatanda\u015flar, surlar\u0131n \u00e7evresinde tehlikeli hareketler yapar 4 ki\u015fiyi polise bildirdi. Polis ekipleri ihbar\u0131 al\u0131r almaz olay yerine gitti. Olay yerine vard\u0131klar\u0131nda ger\u00e7ek ortaya \u00e7\u0131kt\u0131. Ortaya \u00e7\u0131kan ger\u00e7ek herkesi g\u00fcl\u00fcmsetti. Tehlikeli hareketleri ile dikkat \u00e7eken ki\u015filerin, kale \u00e7evresinde koruma [&hellip;]<\/p>\n","protected":false},"author":2,"featured_media":158,"comment_status":"open","ping_status":"open","sticky":false,"template":"","format":"standard","meta":{"footnotes":""},"categories":[1],"tags":[],"class_list":["post-157","post","type-post","status-publish","format-standard","has-post-thumbnail","hentry","category-turhal-haberleri"],"_links":{"self":[{"href":"https:\/\/www.turhalhakimiyet.com\/index.php\/wp-json\/wp\/v2\/posts\/157","targetHints":{"allow":["GET"]}}],"collection":[{"href":"https:\/\/www.turhalhakimiyet.com\/index.php\/wp-json\/wp\/v2\/posts"}],"about":[{"href":"https:\/\/www.turhalhakimiyet.com\/index.php\/wp-json\/wp\/v2\/types\/post"}],"author":[{"embeddable":true,"href":"https:\/\/www.turhalhakimiyet.com\/index.php\/wp-json\/wp\/v2\/users\/2"}],"replies":[{"embeddable":true,"href":"https:\/\/www.turhalhakimiyet.com\/index.php\/wp-json\/wp\/v2\/comments?post=157"}],"version-history":[{"count":1,"href":"https:\/\/www.turhalhakimiyet.com\/index.php\/wp-json\/wp\/v2\/posts\/157\/revisions"}],"predecessor-version":[{"id":159,"href":"https:\/\/www.turhalhakimiyet.com\/index.php\/wp-json\/wp\/v2\/posts\/157\/revisions\/159"}],"wp:featuredmedia":[{"embeddable":true,"href":"https:\/\/www.turhalhakimiyet.com\/index.php\/wp-json\/wp\/v2\/media\/158"}],"wp:attachment":[{"href":"https:\/\/www.turhalhakimiyet.com\/index.php\/wp-json\/wp\/v2\/media?parent=157"}],"wp:term":[{"taxonomy":"category","embeddable":true,"href":"https:\/\/www.turhalhakimiyet.com\/index.php\/wp-json\/wp\/v2\/categories?post=157"},{"taxonomy":"post_tag","embeddable":true,"href":"https:\/\/www.turhalhakimiyet.com\/index.php\/wp-json\/wp\/v2\/tags?post=157"}],"curies":[{"name":"wp","href":"https:\/\/api.w.org\/{rel}","templated":true}]}}