{"id":1586,"date":"2024-08-07T09:05:10","date_gmt":"2024-08-07T06:05:10","guid":{"rendered":"https:\/\/www.turhalhakimiyet.com\/?p=1586"},"modified":"2024-08-07T09:05:10","modified_gmt":"2024-08-07T06:05:10","slug":"baskan-ural-piknik-yapma-isini-erteleyelim","status":"publish","type":"post","link":"https:\/\/www.turhalhakimiyet.com\/index.php\/baskan-ural-piknik-yapma-isini-erteleyelim\/","title":{"rendered":"Ba\u015fkan Ural, &#8220;Piknik yapma i\u015fini erteleyelim&#8221;"},"content":{"rendered":"\n<p>Tokat\u2019\u0131n Turhal il\u00e7esinde ormanl\u0131k alanda \u00e7\u0131kan yang\u0131n ile ilgili a\u00e7\u0131klamalarda bulunan Belediye Ba\u015fkan\u0131 Mehmet Erdem Ural, piknik yapan vatanda\u015flara uyar\u0131larda bulundu.<\/p>\n\n\n\n<p>Tokat\u2019\u0131n Turhal il\u00e7esine ba\u011fl\u0131 S\u00fctl\u00fcce k\u00f6y\u00fcnde \u00f6\u011flen saatlerinde hen\u00fcz bilinmeyen bir sebeten dolay\u0131 yang\u0131n meydana geldi. Olay yerine Turhal Belediyesi itfaiye ve Orman \u0130\u015fletme M\u00fcd\u00fcrl\u00fc\u011f\u00fc ekipleri sevk edilerek yang\u0131n b\u00fcy\u00fcmeden kontrol alt\u0131na al\u0131nd\u0131.<\/p>\n\n\n\n<p>&#8220;Sigara izmariti bile y\u00fczlerce dekar\u0131 yakabiliyor&#8221;<\/p>\n\n\n\n<p>Yang\u0131n hakk\u0131nda a\u00e7\u0131klamalarda bulunan Turhal Belediye Ba\u015fkan\u0131 Mehmet Erdem Ural, &#8220;S\u00f6nd\u00fcrme \u00e7al\u0131\u015fmalar\u0131na kat\u0131lan AFAD, K\u0131z\u0131lay, Orman \u0130\u015fletme M\u00fcd\u00fcrl\u00fckleri ve di\u011fer t\u00fcm ekiplerin \u00e7al\u0131\u015fmalar\u0131 sayesinde yang\u0131n\u0131n b\u00fcy\u00fck bir hasara ve can kayb\u0131na neden olmadan kontrol alt\u0131na al\u0131nd\u0131. Havalar\u0131n kurak gitt\u0131\u011fi bu d\u00f6nemde piknik alanlar\u0131nda piknik yapma i\u015fini erteleyelim. Sigara izmaritlerini yollara atmayalm. Sadece k\u00fc\u00e7\u00fck bir izmaritin y\u00fczlerce dekar alan\u0131 yakt\u0131\u011f\u0131n\u0131 hepimiz televizyonlardan izledik ve bug\u00fcn burada g\u00f6zlemliyoruz. Bunun i\u00e7in insanlar s\u00f6nd\u00fcrmek i\u00e7in \u00e7aba sarf edip can\u0131 pahas\u0131na \u00e7al\u0131\u015f\u0131yorlar. L\u00fctfen bu anlamda \u00e7ok dikkatli olal\u0131m. Ormanlar hepimizin. Bu y\u00fczden \u00e7ok dikkatli olmam\u0131z gerekiyor. Herkese tekrar ge\u00e7mi\u015f olsun diliyorum&#8221; diye konu\u015ftu.<\/p>\n","protected":false},"excerpt":{"rendered":"<p>Tokat\u2019\u0131n Turhal il\u00e7esinde ormanl\u0131k alanda \u00e7\u0131kan yang\u0131n ile ilgili a\u00e7\u0131klamalarda bulunan Belediye Ba\u015fkan\u0131 Mehmet Erdem Ural, piknik yapan vatanda\u015flara uyar\u0131larda bulundu. Tokat\u2019\u0131n Turhal il\u00e7esine ba\u011fl\u0131 S\u00fctl\u00fcce k\u00f6y\u00fcnde \u00f6\u011flen saatlerinde hen\u00fcz bilinmeyen bir sebeten dolay\u0131 yang\u0131n meydana geldi. Olay yerine Turhal Belediyesi itfaiye ve Orman \u0130\u015fletme M\u00fcd\u00fcrl\u00fc\u011f\u00fc ekipleri sevk edilerek yang\u0131n b\u00fcy\u00fcmeden kontrol alt\u0131na al\u0131nd\u0131. &#8220;Sigara [&hellip;]<\/p>\n","protected":false},"author":2,"featured_media":1587,"comment_status":"open","ping_status":"open","sticky":false,"template":"","format":"standard","meta":{"footnotes":""},"categories":[1],"tags":[],"class_list":["post-1586","post","type-post","status-publish","format-standard","has-post-thumbnail","hentry","category-turhal-haberleri"],"_links":{"self":[{"href":"https:\/\/www.turhalhakimiyet.com\/index.php\/wp-json\/wp\/v2\/posts\/1586","targetHints":{"allow":["GET"]}}],"collection":[{"href":"https:\/\/www.turhalhakimiyet.com\/index.php\/wp-json\/wp\/v2\/posts"}],"about":[{"href":"https:\/\/www.turhalhakimiyet.com\/index.php\/wp-json\/wp\/v2\/types\/post"}],"author":[{"embeddable":true,"href":"https:\/\/www.turhalhakimiyet.com\/index.php\/wp-json\/wp\/v2\/users\/2"}],"replies":[{"embeddable":true,"href":"https:\/\/www.turhalhakimiyet.com\/index.php\/wp-json\/wp\/v2\/comments?post=1586"}],"version-history":[{"count":1,"href":"https:\/\/www.turhalhakimiyet.com\/index.php\/wp-json\/wp\/v2\/posts\/1586\/revisions"}],"predecessor-version":[{"id":1588,"href":"https:\/\/www.turhalhakimiyet.com\/index.php\/wp-json\/wp\/v2\/posts\/1586\/revisions\/1588"}],"wp:featuredmedia":[{"embeddable":true,"href":"https:\/\/www.turhalhakimiyet.com\/index.php\/wp-json\/wp\/v2\/media\/1587"}],"wp:attachment":[{"href":"https:\/\/www.turhalhakimiyet.com\/index.php\/wp-json\/wp\/v2\/media?parent=1586"}],"wp:term":[{"taxonomy":"category","embeddable":true,"href":"https:\/\/www.turhalhakimiyet.com\/index.php\/wp-json\/wp\/v2\/categories?post=1586"},{"taxonomy":"post_tag","embeddable":true,"href":"https:\/\/www.turhalhakimiyet.com\/index.php\/wp-json\/wp\/v2\/tags?post=1586"}],"curies":[{"name":"wp","href":"https:\/\/api.w.org\/{rel}","templated":true}]}}