{"id":160,"date":"2021-05-23T19:28:19","date_gmt":"2021-05-23T16:28:19","guid":{"rendered":"https:\/\/www.turhalhakimiyet.com\/?p=160"},"modified":"2021-05-23T19:28:19","modified_gmt":"2021-05-23T16:28:19","slug":"japonlari-kurtarma-operasyonundan-etkilendi-turkiye-sevdalisi-oldu","status":"publish","type":"post","link":"https:\/\/www.turhalhakimiyet.com\/index.php\/japonlari-kurtarma-operasyonundan-etkilendi-turkiye-sevdalisi-oldu\/","title":{"rendered":"Japonlar\u2019\u0131 kurtarma operasyonundan etkilendi, T\u00fcrkiye sevdal\u0131s\u0131 oldu"},"content":{"rendered":"<p>Japonlar\u0131 kurtarma operasyonundan etkilenen Hisano Do\u011fan\u2019\u0131n T\u00fcrkiye a\u015fk\u0131 s\u0131n\u0131r tan\u0131mad\u0131. M\u00fcsl\u00fcman olan Do\u011fan, T\u00fcrk vatanda\u015f\u0131 ile evlenerek \u00e7ocuklar\u0131n\u0131 T\u00fcrkiye\u2019de b\u00fcy\u00fctmeye karar verdi.<br \/>\n\u0130ran &#8211; Irak sava\u015f\u0131nda 1985 y\u0131l\u0131nda bombalanan Tahran&#8217;da 215 Japon yolcu mahsur kald\u0131. D\u00f6nemin Ba\u015fbakan\u0131 Turgut \u00d6zal\u2019\u0131n talimat\u0131yla 2 T\u00fcrk Hava Yollar\u0131 u\u00e7a\u011f\u0131 Tahran\u2019 a g\u00f6nderildi. Japonlar, film gibi kurtarma operasyonu ile \u0130stanbul\u2019a getirildi. \u0130ki \u00fclke aras\u0131ndaki ili\u015fkilerin en \u00fcst seviyeye ula\u015fmas\u0131n\u0131 sa\u011flayan olay\u0131 y\u0131llar sonra bir televizyon kanal\u0131nda izleyen Hisano Kaneko (47), ya\u015fanan olaydan etkilendi. Japonya\u2019n\u0131n Yokohama \u015fehrinde ya\u015fayan Kaneko, 2004 y\u0131ll\u0131nda \u0130stanbul\u2019u gezmeye karar verdi. \u0130stanbul&#8217;da tatil yapt\u0131ktan sonra \u00fclkesine g\u00f6z\u00fc ya\u015fl\u0131 olarak d\u00f6nen Kaneko, T\u00fcrk\u00e7e \u00f6\u011frenmeye karar verdi. T\u00fcrkiye&#8217;ye olan hayranl\u0131\u011f\u0131 nedeni ile Japonya&#8217;da T\u00fcrk\u00e7e dersi alan Kaneko, 1 y\u0131l sonra T\u00fcrk\u00e7esi&#8217;ni geli\u015ftirmek i\u00e7in tekrar \u0130stanbul&#8217;a d\u00f6nd\u00fc. Kald\u0131\u011f\u0131 mahallede g\u00f6nl\u00fcn\u00fc T\u00fcrk genci Murat Do\u011fan&#8217;a kapt\u0131rd\u0131. Japon gelin Tokat\u2019ta 2006 y\u0131l\u0131nda evlendi. E\u015finin soyad\u0131n\u0131 alan Hisano Do\u011fan\u2019\u0131n 2007 y\u0131l\u0131nda k\u0131z\u0131 Ece Japonya\u2019da, o\u011flu Kadir\u2019i ise 2009 y\u0131l\u0131nda Tokat\u2019ta do\u011fdu. T\u00fcrk vatanda\u015f\u0131 ile evlendikten sonra M\u00fcsl\u00fcman olan Do\u011fan, o\u011flunu 6-7 ya\u015flar\u0131nda iken s\u00fcnnet ettirdi. Japonya ile T\u00fcrkiye aras\u0131nda mekik dokuyan \u00e7iftten Hisano Do\u011fan, \u00e7ocuklar\u0131n\u0131 Tokat\u2019ta yeti\u015ftirmeye karar verdi. Murat Do\u011fan ise d\u00f6nerci d\u00fckkan\u0131n\u0131 \u00e7al\u0131\u015ft\u0131rmak i\u00e7in Japonya\u2019da kald\u0131. Yakla\u015f\u0131k 3 y\u0131ld\u0131r \u00e7ocuklar\u0131 ile Tokat\u2019ta ya\u015fanan Hisano Do\u011fan, e\u015finin bu sene kesin d\u00f6n\u00fc\u015f yapmas\u0131n\u0131 bekliyor.<\/p>\n<p>Japon gelin Tokatl\u0131lar\u0131n sevgisini kazand\u0131<br \/>\nTokat\u2019ta kald\u0131\u011f\u0131 s\u00fcrede y\u00f6renin k\u00fclt\u00fcr\u00fcne adapte olan Japon gelin g\u00fcn\u00fcn b\u00fcy\u00fck bir k\u0131sm\u0131n\u0131 evinde ge\u00e7iriyor. \u0130nternet \u00fczerinden \u00fclkesine k\u0131yafet sat\u0131\u015f\u0131 yapan Do\u011fan, bo\u015f zamanlar\u0131nda piyano ba\u015f\u0131nda ge\u00e7iriyor. \u0130stiklal Mar\u015f\u0131n\u0131 piyanoda \u00e7alarak T\u00fcrkiye\u2019ye duydu\u011fu hayranl\u0131\u011f\u0131 g\u00f6zler \u00f6n\u00fcne seren Japon gelin, sempatisi ile Tokatl\u0131lar\u0131n sevgisini kazand\u0131. Yazma ustas\u0131 H\u00fclya \u00dcner\u2019i at\u00f6lyesinde ziyaret eden Do\u011fan\u2019a, Tokat y\u00f6resi k\u0131yafetleri giydirildi. Tahta bask\u0131 yapan Do\u011fan, h\u00fcnerlerini sergiledi.<\/p>\n<p>Otob\u00fcste kendisine yer verilmesinden etkilendi<br \/>\nT\u00fcrkiye\u2019de insanl\u0131k, kom\u015fuluktan etkilendi\u011fini belirten Do\u011fan, \u201cT\u00fcrkiye\u2019de insan sevgisi \u00e7ok var. Ailesi de\u011filse bile kom\u015fular\u0131na, arkada\u015f\u0131na yada tan\u0131mad\u0131\u011f\u0131n yard\u0131m ediyor. Bunu T\u00fcrkiye\u2019de ya\u015fad\u0131\u011f\u0131mda g\u00f6rd\u00fcm. Japonya da kom\u015fuluk yok, bir birimize \u2018merhaba\u2019 demiyoruz. Bir ihtiyac\u0131n var m\u0131?\u2019 Diye soran da yok. \u0130nsanlar\u0131n bir birine &#8216;yard\u0131m et&#8217; diyemedi\u011fi bir \u00fclke. T\u00fcrkiye\u2019de 15 y\u0131l \u00f6nce otob\u00fcse bindim. Koltukta oturan birisi kalkt\u0131 bana yer verdi. Ben \u015fa\u015f\u0131rd\u0131m, bu Japonya\u2019da yok\u201d dedi.<\/p>\n<p>E\u015fi Japonya\u2019da kendisi T\u00fcrkiye\u2019de<br \/>\nE\u015finin 3 y\u0131ld\u0131r Japonya\u2019da odlu\u011funu duyanlar\u0131n \u015fa\u015f\u0131rd\u0131\u011f\u0131n\u0131 belirten Do\u011fan, \u201cT\u00fcrk baba Japonya\u2019da, Japon anne T\u00fcrkiye\u2019de. Neden b\u00f6yle \u00e7ok soran var, \u015fa\u015f\u0131r\u0131yorlar. Ama kaderimde T\u00fcrkiye varm\u0131\u015f. E\u015fimden 3 y\u0131ld\u0131r ayr\u0131 ya\u015f\u0131yoruz. Ge\u00e7en sene izinli geldi, y\u0131lda iki kez izinli geliyor. Japonya\u2019da kendi d\u00fckkan\u0131 oldu\u011fu i\u00e7in uzun zamanl\u0131 kapatam\u0131yor. Ama yak\u0131nlarda d\u00fckkan\u0131 kapat\u0131p T\u00fcrkiye\u2019ye gelecek\u201d diye konu\u015ftu. Japon gelinin \u00e7ocuklar\u0131 da T\u00fcrkiye&#8217;de ya\u015famaktan duyduklar\u0131 memnuniyeti dile getirdi.<\/p>\n","protected":false},"excerpt":{"rendered":"<p>Japonlar\u0131 kurtarma operasyonundan etkilenen Hisano Do\u011fan\u2019\u0131n T\u00fcrkiye a\u015fk\u0131 s\u0131n\u0131r tan\u0131mad\u0131. M\u00fcsl\u00fcman olan Do\u011fan, T\u00fcrk vatanda\u015f\u0131 ile evlenerek \u00e7ocuklar\u0131n\u0131 T\u00fcrkiye\u2019de b\u00fcy\u00fctmeye karar verdi. \u0130ran &#8211; Irak sava\u015f\u0131nda 1985 y\u0131l\u0131nda bombalanan Tahran&#8217;da 215 Japon yolcu mahsur kald\u0131. D\u00f6nemin Ba\u015fbakan\u0131 Turgut \u00d6zal\u2019\u0131n talimat\u0131yla 2 T\u00fcrk Hava Yollar\u0131 u\u00e7a\u011f\u0131 Tahran\u2019 a g\u00f6nderildi. Japonlar, film gibi kurtarma operasyonu ile \u0130stanbul\u2019a [&hellip;]<\/p>\n","protected":false},"author":2,"featured_media":161,"comment_status":"open","ping_status":"open","sticky":false,"template":"","format":"standard","meta":{"footnotes":""},"categories":[1],"tags":[],"class_list":["post-160","post","type-post","status-publish","format-standard","has-post-thumbnail","hentry","category-turhal-haberleri"],"_links":{"self":[{"href":"https:\/\/www.turhalhakimiyet.com\/index.php\/wp-json\/wp\/v2\/posts\/160","targetHints":{"allow":["GET"]}}],"collection":[{"href":"https:\/\/www.turhalhakimiyet.com\/index.php\/wp-json\/wp\/v2\/posts"}],"about":[{"href":"https:\/\/www.turhalhakimiyet.com\/index.php\/wp-json\/wp\/v2\/types\/post"}],"author":[{"embeddable":true,"href":"https:\/\/www.turhalhakimiyet.com\/index.php\/wp-json\/wp\/v2\/users\/2"}],"replies":[{"embeddable":true,"href":"https:\/\/www.turhalhakimiyet.com\/index.php\/wp-json\/wp\/v2\/comments?post=160"}],"version-history":[{"count":1,"href":"https:\/\/www.turhalhakimiyet.com\/index.php\/wp-json\/wp\/v2\/posts\/160\/revisions"}],"predecessor-version":[{"id":162,"href":"https:\/\/www.turhalhakimiyet.com\/index.php\/wp-json\/wp\/v2\/posts\/160\/revisions\/162"}],"wp:featuredmedia":[{"embeddable":true,"href":"https:\/\/www.turhalhakimiyet.com\/index.php\/wp-json\/wp\/v2\/media\/161"}],"wp:attachment":[{"href":"https:\/\/www.turhalhakimiyet.com\/index.php\/wp-json\/wp\/v2\/media?parent=160"}],"wp:term":[{"taxonomy":"category","embeddable":true,"href":"https:\/\/www.turhalhakimiyet.com\/index.php\/wp-json\/wp\/v2\/categories?post=160"},{"taxonomy":"post_tag","embeddable":true,"href":"https:\/\/www.turhalhakimiyet.com\/index.php\/wp-json\/wp\/v2\/tags?post=160"}],"curies":[{"name":"wp","href":"https:\/\/api.w.org\/{rel}","templated":true}]}}