{"id":1629,"date":"2024-09-30T08:58:32","date_gmt":"2024-09-30T05:58:32","guid":{"rendered":"https:\/\/www.turhalhakimiyet.com\/?p=1629"},"modified":"2024-09-30T08:58:32","modified_gmt":"2024-09-30T05:58:32","slug":"tokatta-pres-makinesine-sikisan-isci-hayatini-kaybetti","status":"publish","type":"post","link":"https:\/\/www.turhalhakimiyet.com\/index.php\/tokatta-pres-makinesine-sikisan-isci-hayatini-kaybetti\/","title":{"rendered":"Tokat\u2019ta pres makinesine s\u0131k\u0131\u015fan i\u015f\u00e7i hayat\u0131n\u0131 kaybetti"},"content":{"rendered":"\n<p>Tokat\u2019ta fabrikada pres makinesine s\u0131k\u0131\u015fan yabanc\u0131 uyruklu i\u015f\u00e7i feci \u015fekilde can verdi.<\/p>\n\n\n\n<p>Olay, gece 01:30 s\u0131ralar\u0131nda Organize Sanayi B\u00f6lgesi\u2019nde bulunan Murat \u015eahin Orman \u00dcr\u00fcnleri Fabrikas\u0131\u2019nda meydana geldi. \u0130ddiaya g\u00f6re fabrikan\u0131n gece vardiyas\u0131nda \u00e7al\u0131\u015fan Suriye uyruklu Abdulgafar Bad\u0131n\u0131cki (29) isimli i\u015f\u00e7i, hen\u00fcz bilinmeyen bir nedenle pres makinesine s\u0131k\u0131\u015ft\u0131. Olay\u0131 g\u00f6ren di\u011fer \u00e7al\u0131\u015fanlar\u0131n durumu 112 Acil Durum \u00c7a\u011fr\u0131 Merkezi\u2019ne bildirmesi \u00fczerine fabrikaya itfaiye, sa\u011fl\u0131k ve polis ekibi sevk edildi. Sa\u011fl\u0131k ekipleri pres makinesinde s\u0131k\u0131\u015fan \u015fahs\u0131n \u00f6ld\u00fc\u011f\u00fcn\u00fc belirledi. Olay yeri inceleme ekiplerinin incelemesinin ard\u0131ndan Bad\u0131n\u0131cki\u2019nin naa\u015f\u0131 otopsi yap\u0131lmak \u00fczere Tokat Devlet Hastanesi Morgu\u2019na kald\u0131r\u0131ld\u0131. Olayla ilgili soru\u015fturma ba\u015flat\u0131ld\u0131.<\/p>\n","protected":false},"excerpt":{"rendered":"<p>Tokat\u2019ta fabrikada pres makinesine s\u0131k\u0131\u015fan yabanc\u0131 uyruklu i\u015f\u00e7i feci \u015fekilde can verdi. Olay, gece 01:30 s\u0131ralar\u0131nda Organize Sanayi B\u00f6lgesi\u2019nde bulunan Murat \u015eahin Orman \u00dcr\u00fcnleri Fabrikas\u0131\u2019nda meydana geldi. \u0130ddiaya g\u00f6re fabrikan\u0131n gece vardiyas\u0131nda \u00e7al\u0131\u015fan Suriye uyruklu Abdulgafar Bad\u0131n\u0131cki (29) isimli i\u015f\u00e7i, hen\u00fcz bilinmeyen bir nedenle pres makinesine s\u0131k\u0131\u015ft\u0131. Olay\u0131 g\u00f6ren di\u011fer \u00e7al\u0131\u015fanlar\u0131n durumu 112 Acil Durum [&hellip;]<\/p>\n","protected":false},"author":2,"featured_media":1630,"comment_status":"open","ping_status":"open","sticky":false,"template":"","format":"standard","meta":{"footnotes":""},"categories":[1],"tags":[],"class_list":["post-1629","post","type-post","status-publish","format-standard","has-post-thumbnail","hentry","category-turhal-haberleri"],"_links":{"self":[{"href":"https:\/\/www.turhalhakimiyet.com\/index.php\/wp-json\/wp\/v2\/posts\/1629","targetHints":{"allow":["GET"]}}],"collection":[{"href":"https:\/\/www.turhalhakimiyet.com\/index.php\/wp-json\/wp\/v2\/posts"}],"about":[{"href":"https:\/\/www.turhalhakimiyet.com\/index.php\/wp-json\/wp\/v2\/types\/post"}],"author":[{"embeddable":true,"href":"https:\/\/www.turhalhakimiyet.com\/index.php\/wp-json\/wp\/v2\/users\/2"}],"replies":[{"embeddable":true,"href":"https:\/\/www.turhalhakimiyet.com\/index.php\/wp-json\/wp\/v2\/comments?post=1629"}],"version-history":[{"count":1,"href":"https:\/\/www.turhalhakimiyet.com\/index.php\/wp-json\/wp\/v2\/posts\/1629\/revisions"}],"predecessor-version":[{"id":1631,"href":"https:\/\/www.turhalhakimiyet.com\/index.php\/wp-json\/wp\/v2\/posts\/1629\/revisions\/1631"}],"wp:featuredmedia":[{"embeddable":true,"href":"https:\/\/www.turhalhakimiyet.com\/index.php\/wp-json\/wp\/v2\/media\/1630"}],"wp:attachment":[{"href":"https:\/\/www.turhalhakimiyet.com\/index.php\/wp-json\/wp\/v2\/media?parent=1629"}],"wp:term":[{"taxonomy":"category","embeddable":true,"href":"https:\/\/www.turhalhakimiyet.com\/index.php\/wp-json\/wp\/v2\/categories?post=1629"},{"taxonomy":"post_tag","embeddable":true,"href":"https:\/\/www.turhalhakimiyet.com\/index.php\/wp-json\/wp\/v2\/tags?post=1629"}],"curies":[{"name":"wp","href":"https:\/\/api.w.org\/{rel}","templated":true}]}}