{"id":163,"date":"2021-05-23T19:31:48","date_gmt":"2021-05-23T16:31:48","guid":{"rendered":"https:\/\/www.turhalhakimiyet.com\/?p=163"},"modified":"2021-05-23T19:31:48","modified_gmt":"2021-05-23T16:31:48","slug":"odullu-doktorun-adi-caddeye-verildi","status":"publish","type":"post","link":"https:\/\/www.turhalhakimiyet.com\/index.php\/odullu-doktorun-adi-caddeye-verildi\/","title":{"rendered":"\u00d6d\u00fcll\u00fc doktorun ad\u0131 caddeye verildi"},"content":{"rendered":"<p>Erbaa Belediyesi meclisi fen bilimleri alan\u0131nda Mehmet Akif Ersoy Bilim ve Sanat \u00d6d\u00fcl\u00fc alan Ankara \u015eehir Hastanesi Gastroenteroloji Cerrahisi ve Genel Cerrahi E\u011fitim ve \u0130dari Sorumlusu Prof. Dr. Erdal Birol Bostanc\u0131\u2019n\u0131n ad\u0131n\u0131 il\u00e7ede bir caddeye verdi.<br \/>\nMehmet Akif Ersoy \u00dcniversitesi taraf\u0131ndan verilen Uluslararas\u0131 Mehmet Akif Ersoy Bilim ve Sanat \u00d6d\u00fclleri\u2019nde fen bilimleri alan\u0131nda \u00f6d\u00fcl alan Ankara \u015eehir Hastanesi Gastroenteroloji Cerrahisi ve Genel Cerrahi E\u011fitim ve \u0130dari Sorumlusu Prof. Dr. Erdal Birol Bostanc\u0131\u2019n\u0131n ad\u0131n\u0131n memleketi Erbaa\u2019da bir caddeye verilmesi kararla\u015ft\u0131r\u0131ld\u0131. Belediye meclisince yap\u0131lan toplant\u0131da T\u00fcrkiye&#8217;de cerrahinin geli\u015fmesi ve bir\u00e7ok cerrahi klini\u011finin kurulmas\u0131na katk\u0131 sa\u011flad\u0131\u011f\u0131 i\u00e7in \u00f6d\u00fcle lay\u0131k g\u00f6r\u00fclen ve \u00f6d\u00fcl\u00fcn\u00fc Cumhurba\u015fkan\u0131 Recep Tayyip Erdo\u011fan\u2019\u0131n da kat\u0131ld\u0131\u011f\u0131 t\u00f6rende Cumhurba\u015fkan\u0131 Erdo\u011fan\u2019\u0131n elinden alan Bostanc\u0131\u2019n\u0131n ad\u0131 oy birli\u011fi ile Ertu\u011frul Gazi Mahallesindeki caddeye verildi.<br \/>\nProf. Dr. Erdal Birol Bostanc\u0131\u2019n\u0131n yapt\u0131\u011f\u0131 \u00e7al\u0131\u015fmalarla \u00fclke genelinde bilime b\u00fcy\u00fck katk\u0131 sa\u011flad\u0131\u011f\u0131n\u0131 bu sebeple ad\u0131n\u0131 caddeye verme karar\u0131 ald\u0131klar\u0131n\u0131 ifade eden Erbaa Belediye Ba\u015fkan\u0131 Ertu\u011frul Karag\u00f6l \u201cProf. Dr. Erdal Birol Bostanc\u0131 alan\u0131nda \u00e7ok \u00f6nemli i\u015flere imza atan ba\u015far\u0131l\u0131 ve bu ba\u015far\u0131s\u0131yla bizlerin gururland\u0131\u011f\u0131 bir hem\u015ferimiz. Kendisiyle duydu\u011fumuz gururu g\u00f6stermek ad\u0131na bir \u00e7al\u0131\u015fma yaparak ad\u0131n\u0131 daha \u00f6nce Sa\u011fl\u0131k Caddesi olan caddemize vermek istedik. Belediye meclisimize bu \u00f6neriyi sunarak gereken karar\u0131 ald\u0131k. Ba\u015far\u0131l\u0131 \u00e7al\u0131\u015fmalar\u0131yla \u00f6d\u00fcllere lay\u0131k g\u00f6r\u00fclen k\u0131ymetli hem\u015ferimizin ad\u0131n\u0131 bu \u015fekilde memleketinde ya\u015fataca\u011f\u0131z.\u201d dedi.<\/p>\n","protected":false},"excerpt":{"rendered":"<p>Erbaa Belediyesi meclisi fen bilimleri alan\u0131nda Mehmet Akif Ersoy Bilim ve Sanat \u00d6d\u00fcl\u00fc alan Ankara \u015eehir Hastanesi Gastroenteroloji Cerrahisi ve Genel Cerrahi E\u011fitim ve \u0130dari Sorumlusu Prof. Dr. Erdal Birol Bostanc\u0131\u2019n\u0131n ad\u0131n\u0131 il\u00e7ede bir caddeye verdi. Mehmet Akif Ersoy \u00dcniversitesi taraf\u0131ndan verilen Uluslararas\u0131 Mehmet Akif Ersoy Bilim ve Sanat \u00d6d\u00fclleri\u2019nde fen bilimleri alan\u0131nda \u00f6d\u00fcl alan [&hellip;]<\/p>\n","protected":false},"author":2,"featured_media":164,"comment_status":"open","ping_status":"open","sticky":false,"template":"","format":"standard","meta":{"footnotes":""},"categories":[1],"tags":[],"class_list":["post-163","post","type-post","status-publish","format-standard","has-post-thumbnail","hentry","category-turhal-haberleri"],"_links":{"self":[{"href":"https:\/\/www.turhalhakimiyet.com\/index.php\/wp-json\/wp\/v2\/posts\/163","targetHints":{"allow":["GET"]}}],"collection":[{"href":"https:\/\/www.turhalhakimiyet.com\/index.php\/wp-json\/wp\/v2\/posts"}],"about":[{"href":"https:\/\/www.turhalhakimiyet.com\/index.php\/wp-json\/wp\/v2\/types\/post"}],"author":[{"embeddable":true,"href":"https:\/\/www.turhalhakimiyet.com\/index.php\/wp-json\/wp\/v2\/users\/2"}],"replies":[{"embeddable":true,"href":"https:\/\/www.turhalhakimiyet.com\/index.php\/wp-json\/wp\/v2\/comments?post=163"}],"version-history":[{"count":1,"href":"https:\/\/www.turhalhakimiyet.com\/index.php\/wp-json\/wp\/v2\/posts\/163\/revisions"}],"predecessor-version":[{"id":165,"href":"https:\/\/www.turhalhakimiyet.com\/index.php\/wp-json\/wp\/v2\/posts\/163\/revisions\/165"}],"wp:featuredmedia":[{"embeddable":true,"href":"https:\/\/www.turhalhakimiyet.com\/index.php\/wp-json\/wp\/v2\/media\/164"}],"wp:attachment":[{"href":"https:\/\/www.turhalhakimiyet.com\/index.php\/wp-json\/wp\/v2\/media?parent=163"}],"wp:term":[{"taxonomy":"category","embeddable":true,"href":"https:\/\/www.turhalhakimiyet.com\/index.php\/wp-json\/wp\/v2\/categories?post=163"},{"taxonomy":"post_tag","embeddable":true,"href":"https:\/\/www.turhalhakimiyet.com\/index.php\/wp-json\/wp\/v2\/tags?post=163"}],"curies":[{"name":"wp","href":"https:\/\/api.w.org\/{rel}","templated":true}]}}