{"id":1669,"date":"2024-12-25T10:59:14","date_gmt":"2024-12-25T07:59:14","guid":{"rendered":"https:\/\/www.turhalhakimiyet.com\/?p=1669"},"modified":"2024-12-25T10:59:14","modified_gmt":"2024-12-25T07:59:14","slug":"arkadasini-bicaklayarak-olduren-genc-tutuklandi","status":"publish","type":"post","link":"https:\/\/www.turhalhakimiyet.com\/index.php\/arkadasini-bicaklayarak-olduren-genc-tutuklandi\/","title":{"rendered":"Arkada\u015f\u0131n\u0131 b\u0131\u00e7aklayarak \u00f6ld\u00fcren gen\u00e7 tutukland\u0131"},"content":{"rendered":"\n<p>Tokat\u2019ta alkol al\u0131rken k\u00fcf\u00fcrle\u015fme y\u00fcz\u00fcnden \u00e7\u0131kan kavgada arkada\u015f\u0131n\u0131 b\u0131\u00e7aklayarak \u00f6ld\u00fcren gen\u00e7, tutuklanarak cezaevine g\u00f6nderildi.<\/p>\n\n\n\n<p>Edinilen bilgiye g\u00f6re, Turhal il\u00e7esi \u00c7evikler Mahallesi\u2019nde metruk bir binan\u0131n bah\u00e7esinde hareketsiz yatan bir ki\u015fiyi g\u00f6ren vatanda\u015flar, durumu polis ekiplerine bildirdi. \u0130hbar \u00fczerine olay yerine polis ve sa\u011fl\u0131k ekipleri sevk edildi. Yap\u0131lan incelemede yerde yatan Ozan Karaca\u2019n\u0131n (18) hayat\u0131n\u0131 kaybetti\u011fi belirlendi. Karaca\u2019n\u0131n cenazesi, otopsi yap\u0131lmak \u00fczere Tokat Devlet Hastanesi morguna kald\u0131r\u0131l\u0131rd\u0131. Olayla ilgili gencin arkada\u015f\u0131 Duran A. (21) polis ekiplerince g\u00f6zalt\u0131na al\u0131nd\u0131.<\/p>\n\n\n\n<p>\u0130ddiaya g\u00f6re Karaca ile alkol i\u00e7en arkada\u015f\u0131 Duran A. aras\u0131nda tart\u0131\u015fma \u00e7\u0131kt\u0131\u011f\u0131, Karaca\u2019n\u0131n k\u00fcf\u00fcr etmesi nedeniyle Duran A.\u2019n\u0131n belindeki b\u0131\u00e7akla arkada\u015f\u0131n\u0131 \u00f6ld\u00fcrd\u00fc\u011f\u00fc belirtildi. Emniyetteki i\u015flemleri tamamlanan Duran A., \u00e7\u0131kar\u0131ld\u0131\u011f\u0131 mahkemece tutuklanarak cezaevine g\u00f6nderildi.<\/p>\n","protected":false},"excerpt":{"rendered":"<p>Tokat\u2019ta alkol al\u0131rken k\u00fcf\u00fcrle\u015fme y\u00fcz\u00fcnden \u00e7\u0131kan kavgada arkada\u015f\u0131n\u0131 b\u0131\u00e7aklayarak \u00f6ld\u00fcren gen\u00e7, tutuklanarak cezaevine g\u00f6nderildi. Edinilen bilgiye g\u00f6re, Turhal il\u00e7esi \u00c7evikler Mahallesi\u2019nde metruk bir binan\u0131n bah\u00e7esinde hareketsiz yatan bir ki\u015fiyi g\u00f6ren vatanda\u015flar, durumu polis ekiplerine bildirdi. \u0130hbar \u00fczerine olay yerine polis ve sa\u011fl\u0131k ekipleri sevk edildi. Yap\u0131lan incelemede yerde yatan Ozan Karaca\u2019n\u0131n (18) hayat\u0131n\u0131 kaybetti\u011fi belirlendi. [&hellip;]<\/p>\n","protected":false},"author":2,"featured_media":1670,"comment_status":"open","ping_status":"open","sticky":false,"template":"","format":"standard","meta":{"footnotes":""},"categories":[1],"tags":[],"class_list":["post-1669","post","type-post","status-publish","format-standard","has-post-thumbnail","hentry","category-turhal-haberleri"],"_links":{"self":[{"href":"https:\/\/www.turhalhakimiyet.com\/index.php\/wp-json\/wp\/v2\/posts\/1669","targetHints":{"allow":["GET"]}}],"collection":[{"href":"https:\/\/www.turhalhakimiyet.com\/index.php\/wp-json\/wp\/v2\/posts"}],"about":[{"href":"https:\/\/www.turhalhakimiyet.com\/index.php\/wp-json\/wp\/v2\/types\/post"}],"author":[{"embeddable":true,"href":"https:\/\/www.turhalhakimiyet.com\/index.php\/wp-json\/wp\/v2\/users\/2"}],"replies":[{"embeddable":true,"href":"https:\/\/www.turhalhakimiyet.com\/index.php\/wp-json\/wp\/v2\/comments?post=1669"}],"version-history":[{"count":1,"href":"https:\/\/www.turhalhakimiyet.com\/index.php\/wp-json\/wp\/v2\/posts\/1669\/revisions"}],"predecessor-version":[{"id":1671,"href":"https:\/\/www.turhalhakimiyet.com\/index.php\/wp-json\/wp\/v2\/posts\/1669\/revisions\/1671"}],"wp:featuredmedia":[{"embeddable":true,"href":"https:\/\/www.turhalhakimiyet.com\/index.php\/wp-json\/wp\/v2\/media\/1670"}],"wp:attachment":[{"href":"https:\/\/www.turhalhakimiyet.com\/index.php\/wp-json\/wp\/v2\/media?parent=1669"}],"wp:term":[{"taxonomy":"category","embeddable":true,"href":"https:\/\/www.turhalhakimiyet.com\/index.php\/wp-json\/wp\/v2\/categories?post=1669"},{"taxonomy":"post_tag","embeddable":true,"href":"https:\/\/www.turhalhakimiyet.com\/index.php\/wp-json\/wp\/v2\/tags?post=1669"}],"curies":[{"name":"wp","href":"https:\/\/api.w.org\/{rel}","templated":true}]}}