{"id":167,"date":"2021-09-02T08:46:29","date_gmt":"2021-09-02T05:46:29","guid":{"rendered":"https:\/\/www.turhalhakimiyet.com\/?p=167"},"modified":"2021-09-02T08:46:29","modified_gmt":"2021-09-02T05:46:29","slug":"tokatta-ahsap-ev-alevlere-teslim-oldu","status":"publish","type":"post","link":"https:\/\/www.turhalhakimiyet.com\/index.php\/tokatta-ahsap-ev-alevlere-teslim-oldu\/","title":{"rendered":"Tokat&#8217;ta ah\u015fap ev alevlere teslim oldu"},"content":{"rendered":"\n<h3 class=\"wp-block-heading\">Tokat\u2019\u0131n Erbaa il\u00e7esinde tek katl\u0131 ah\u015fap ev tamamen yanarak kullan\u0131lamaz hale geldi.<\/h3>\n\n\n\n<p>Tokat&#8217;\u0131n Erbaa il\u00e7esinde tek katl\u0131 ah\u015fap ev tamamen yanarak kullan\u0131lamaz hale geldi.<\/p>\n\n\n\n<p>Edinilen bilgiye g\u00f6re; Osman Gazi Mahallesinde Ali \u015eeng\u00fcl&#8217;e (40) ait tek katl\u0131 ah\u015fap evde gece saatlerinde yang\u0131n \u00e7\u0131kt\u0131. K\u0131sa s\u00fcrede alevlerin sard\u0131\u011f\u0131 binadan \u015fah\u0131s can\u0131n\u0131 zor kurtard\u0131. Vatanda\u015flar\u0131n ihbar\u0131 \u00fczerine olay yerine Erbaa Belediyesi itfaiye ekipleri sevk edildi. \u0130tfaiye ekiplerinin yakla\u015f\u0131k yar\u0131m saatlik \u00e7al\u0131\u015fmas\u0131 sonucu yang\u0131n kontrol alt\u0131na al\u0131narak s\u00f6nd\u00fcr\u00fcld\u00fc. Dumandan etkilenen ev sahibi sa\u011fl\u0131k ekipleri taraf\u0131ndan tedbir ama\u00e7l\u0131 olarak ambulansla Erbaa Devlet Hastanesine sevk edildi. \u0130tfaiye ekipleri elektrik konta\u011f\u0131ndan \u00e7\u0131kt\u0131\u011f\u0131 tahmin edilen yang\u0131nla ilgili inceleme ba\u015flatt\u0131.<\/p>\n","protected":false},"excerpt":{"rendered":"<p>Tokat\u2019\u0131n Erbaa il\u00e7esinde tek katl\u0131 ah\u015fap ev tamamen yanarak kullan\u0131lamaz hale geldi. Tokat&#8217;\u0131n Erbaa il\u00e7esinde tek katl\u0131 ah\u015fap ev tamamen yanarak kullan\u0131lamaz hale geldi. Edinilen bilgiye g\u00f6re; Osman Gazi Mahallesinde Ali \u015eeng\u00fcl&#8217;e (40) ait tek katl\u0131 ah\u015fap evde gece saatlerinde yang\u0131n \u00e7\u0131kt\u0131. K\u0131sa s\u00fcrede alevlerin sard\u0131\u011f\u0131 binadan \u015fah\u0131s can\u0131n\u0131 zor kurtard\u0131. Vatanda\u015flar\u0131n ihbar\u0131 \u00fczerine olay [&hellip;]<\/p>\n","protected":false},"author":2,"featured_media":168,"comment_status":"open","ping_status":"open","sticky":false,"template":"","format":"standard","meta":{"footnotes":""},"categories":[1],"tags":[],"class_list":["post-167","post","type-post","status-publish","format-standard","has-post-thumbnail","hentry","category-turhal-haberleri"],"_links":{"self":[{"href":"https:\/\/www.turhalhakimiyet.com\/index.php\/wp-json\/wp\/v2\/posts\/167","targetHints":{"allow":["GET"]}}],"collection":[{"href":"https:\/\/www.turhalhakimiyet.com\/index.php\/wp-json\/wp\/v2\/posts"}],"about":[{"href":"https:\/\/www.turhalhakimiyet.com\/index.php\/wp-json\/wp\/v2\/types\/post"}],"author":[{"embeddable":true,"href":"https:\/\/www.turhalhakimiyet.com\/index.php\/wp-json\/wp\/v2\/users\/2"}],"replies":[{"embeddable":true,"href":"https:\/\/www.turhalhakimiyet.com\/index.php\/wp-json\/wp\/v2\/comments?post=167"}],"version-history":[{"count":1,"href":"https:\/\/www.turhalhakimiyet.com\/index.php\/wp-json\/wp\/v2\/posts\/167\/revisions"}],"predecessor-version":[{"id":169,"href":"https:\/\/www.turhalhakimiyet.com\/index.php\/wp-json\/wp\/v2\/posts\/167\/revisions\/169"}],"wp:featuredmedia":[{"embeddable":true,"href":"https:\/\/www.turhalhakimiyet.com\/index.php\/wp-json\/wp\/v2\/media\/168"}],"wp:attachment":[{"href":"https:\/\/www.turhalhakimiyet.com\/index.php\/wp-json\/wp\/v2\/media?parent=167"}],"wp:term":[{"taxonomy":"category","embeddable":true,"href":"https:\/\/www.turhalhakimiyet.com\/index.php\/wp-json\/wp\/v2\/categories?post=167"},{"taxonomy":"post_tag","embeddable":true,"href":"https:\/\/www.turhalhakimiyet.com\/index.php\/wp-json\/wp\/v2\/tags?post=167"}],"curies":[{"name":"wp","href":"https:\/\/api.w.org\/{rel}","templated":true}]}}