{"id":179,"date":"2021-09-03T11:38:01","date_gmt":"2021-09-03T08:38:01","guid":{"rendered":"https:\/\/www.turhalhakimiyet.com\/?p=179"},"modified":"2021-09-03T11:38:01","modified_gmt":"2021-09-03T08:38:01","slug":"karakus-erbaanin-gururu-oldu","status":"publish","type":"post","link":"https:\/\/www.turhalhakimiyet.com\/index.php\/karakus-erbaanin-gururu-oldu\/","title":{"rendered":"Karaku\u015f Erbaa&#8217;n\u0131n gururu oldu"},"content":{"rendered":"\n<p>Erbaa Belediye Ba\u015fkan\u0131 Ertu\u011frul Karag\u00f6l, Kara Harp Okulu birincisi olan Te\u011fmen Hac\u0131 Osman Karaku\u015f&#8217;u evinde ziyaret etti.<\/p>\n\n\n\n<p>Erbaal\u0131 Te\u011fmen Hac\u0131 Osman Karaku\u015f&#8217;un Kara Harp Okulu birincisi olmas\u0131 Erbaa&#8217;da sevin\u00e7le kar\u015f\u0131land\u0131. Birincilik belgesini Cumhurba\u015fkan\u0131 Recep Tayyip Erdo\u011fan&#8217;\u0131n elinden alan Karaku\u015f ge\u00e7ti\u011fimiz g\u00fcn Erbbaa&#8217;ya d\u00f6nd\u00fc. Erbaa Belediye Ba\u015fkan\u0131 Ertu\u011frul Karag\u00f6l, Karaku\u015f ve ailesini evlerinde ziyaret etti. Bu arada Karaku\u015f ve ailesi ile bir s\u00fcre sohbet eden Karag\u00f6l yapt\u0131\u011f\u0131 a\u00e7\u0131klamada, \u201cBu gurura vesile olan Karaku\u015f ailesine te\u015fekk\u00fcr ediyor, gen\u00e7 te\u011fmenimize meslek hayat\u0131 boyunca ba\u015far\u0131lar diliyorum\u201d dedi.<\/p>\n","protected":false},"excerpt":{"rendered":"<p>Erbaa Belediye Ba\u015fkan\u0131 Ertu\u011frul Karag\u00f6l, Kara Harp Okulu birincisi olan Te\u011fmen Hac\u0131 Osman Karaku\u015f&#8217;u evinde ziyaret etti. Erbaal\u0131 Te\u011fmen Hac\u0131 Osman Karaku\u015f&#8217;un Kara Harp Okulu birincisi olmas\u0131 Erbaa&#8217;da sevin\u00e7le kar\u015f\u0131land\u0131. Birincilik belgesini Cumhurba\u015fkan\u0131 Recep Tayyip Erdo\u011fan&#8217;\u0131n elinden alan Karaku\u015f ge\u00e7ti\u011fimiz g\u00fcn Erbbaa&#8217;ya d\u00f6nd\u00fc. Erbaa Belediye Ba\u015fkan\u0131 Ertu\u011frul Karag\u00f6l, Karaku\u015f ve ailesini evlerinde ziyaret etti. Bu [&hellip;]<\/p>\n","protected":false},"author":2,"featured_media":180,"comment_status":"open","ping_status":"open","sticky":false,"template":"","format":"standard","meta":{"footnotes":""},"categories":[1],"tags":[],"class_list":["post-179","post","type-post","status-publish","format-standard","has-post-thumbnail","hentry","category-turhal-haberleri"],"_links":{"self":[{"href":"https:\/\/www.turhalhakimiyet.com\/index.php\/wp-json\/wp\/v2\/posts\/179","targetHints":{"allow":["GET"]}}],"collection":[{"href":"https:\/\/www.turhalhakimiyet.com\/index.php\/wp-json\/wp\/v2\/posts"}],"about":[{"href":"https:\/\/www.turhalhakimiyet.com\/index.php\/wp-json\/wp\/v2\/types\/post"}],"author":[{"embeddable":true,"href":"https:\/\/www.turhalhakimiyet.com\/index.php\/wp-json\/wp\/v2\/users\/2"}],"replies":[{"embeddable":true,"href":"https:\/\/www.turhalhakimiyet.com\/index.php\/wp-json\/wp\/v2\/comments?post=179"}],"version-history":[{"count":1,"href":"https:\/\/www.turhalhakimiyet.com\/index.php\/wp-json\/wp\/v2\/posts\/179\/revisions"}],"predecessor-version":[{"id":181,"href":"https:\/\/www.turhalhakimiyet.com\/index.php\/wp-json\/wp\/v2\/posts\/179\/revisions\/181"}],"wp:featuredmedia":[{"embeddable":true,"href":"https:\/\/www.turhalhakimiyet.com\/index.php\/wp-json\/wp\/v2\/media\/180"}],"wp:attachment":[{"href":"https:\/\/www.turhalhakimiyet.com\/index.php\/wp-json\/wp\/v2\/media?parent=179"}],"wp:term":[{"taxonomy":"category","embeddable":true,"href":"https:\/\/www.turhalhakimiyet.com\/index.php\/wp-json\/wp\/v2\/categories?post=179"},{"taxonomy":"post_tag","embeddable":true,"href":"https:\/\/www.turhalhakimiyet.com\/index.php\/wp-json\/wp\/v2\/tags?post=179"}],"curies":[{"name":"wp","href":"https:\/\/api.w.org\/{rel}","templated":true}]}}