{"id":197,"date":"2021-09-16T10:01:58","date_gmt":"2021-09-16T07:01:58","guid":{"rendered":"https:\/\/www.turhalhakimiyet.com\/?p=197"},"modified":"2021-09-16T10:01:58","modified_gmt":"2021-09-16T07:01:58","slug":"maganda-kursunu-ile-hayatini-kaybeden-busranin-sinifinda-duygusal-anlar-yasandi-2","status":"publish","type":"post","link":"https:\/\/www.turhalhakimiyet.com\/index.php\/maganda-kursunu-ile-hayatini-kaybeden-busranin-sinifinda-duygusal-anlar-yasandi-2\/","title":{"rendered":"Maganda kur\u015funu ile hayat\u0131n\u0131 kaybeden B\u00fc\u015fra&#8217;n\u0131n s\u0131n\u0131f\u0131nda duygusal anlar ya\u015fand\u0131"},"content":{"rendered":"\n<p>Tokat&#8217;\u0131n Erbaa il\u00e7esinde maganda kur\u015funu ile hayat\u0131n\u0131 kaybeden B\u00fc\u015fra Konyar&#8217;\u0131n s\u0131n\u0131f\u0131nda duygusal anlar ya\u015fand\u0131.<\/p>\n\n\n\n<p>Erbaa il\u00e7esinde lise 3. s\u0131n\u0131fa giderken ba\u015f\u0131na yorgun mermi isabet etmesi sonucu hayat\u0131n\u0131 kaybeden B\u00fc\u015fra Konyar&#8217;\u0131n (17) s\u0131ras\u0131 \u00e7i\u00e7eklerle donat\u0131ld\u0131. Nak\u015fiye-\u0130brahim Konyar \u00e7ifti k\u0131zlar\u0131n\u0131n s\u0131n\u0131f\u0131nda duygusal anlar ya\u015fad\u0131. Merkez Anadolu Lisesi M\u00fcd\u00fcr\u00fc Salih Cenik, maganda kur\u015funu ile \u00f6\u011frencisini kaybetmenin ac\u0131s\u0131n\u0131 ya\u015fad\u0131klar\u0131n\u0131 s\u00f6yledi. K\u0131zlar\u0131n\u0131n foto\u011fraf\u0131n\u0131 s\u0131ras\u0131na koyan baba ve anne, g\u00f6zya\u015flar\u0131na hakim olamad\u0131. Okul bah\u00e7esinde ya\u015fanan olayla ilgili de\u011ferlendirmelerde bulunan \u0130brahim Konyar, k\u0131z\u0131n\u0131n hayat\u0131n\u0131 kaybetmesinin \u00fczerinden 8 ay ge\u00e7ti\u011fini belirterek, \u201cK\u0131z\u0131m\u0131 topra\u011fa vermeseydik okuluna gelecekti. Ac\u0131s\u0131n\u0131 halen ya\u015f\u0131yoruz. Maganda kur\u015fununa dur demenin art\u0131k bir zaman\u0131 geldi. Bu 8 ay i\u00e7erisinde Trabzon&#8217;da bir \u00e7ocu\u011fun ba\u015f\u0131na yorgun mermi geldi. Tokat&#8217;ta bir k\u0131z karde\u015fimizin omzuna, Samsun&#8217;da, \u0130stanbul&#8217;da bir \u00e7ocu\u011fun s\u0131rt\u0131na yorgun mermi d\u00fc\u015ft\u00fc. Yani buna bir dur demek laz\u0131m. Bir cayd\u0131r\u0131c\u0131l\u0131\u011f\u0131 olmas\u0131 laz\u0131m. Bireysel silahlanmaya hay\u0131r diyorum\u201d ifadelerini kulland\u0131.<\/p>\n","protected":false},"excerpt":{"rendered":"<p>Tokat&#8217;\u0131n Erbaa il\u00e7esinde maganda kur\u015funu ile hayat\u0131n\u0131 kaybeden B\u00fc\u015fra Konyar&#8217;\u0131n s\u0131n\u0131f\u0131nda duygusal anlar ya\u015fand\u0131. Erbaa il\u00e7esinde lise 3. s\u0131n\u0131fa giderken ba\u015f\u0131na yorgun mermi isabet etmesi sonucu hayat\u0131n\u0131 kaybeden B\u00fc\u015fra Konyar&#8217;\u0131n (17) s\u0131ras\u0131 \u00e7i\u00e7eklerle donat\u0131ld\u0131. Nak\u015fiye-\u0130brahim Konyar \u00e7ifti k\u0131zlar\u0131n\u0131n s\u0131n\u0131f\u0131nda duygusal anlar ya\u015fad\u0131. Merkez Anadolu Lisesi M\u00fcd\u00fcr\u00fc Salih Cenik, maganda kur\u015funu ile \u00f6\u011frencisini kaybetmenin ac\u0131s\u0131n\u0131 ya\u015fad\u0131klar\u0131n\u0131 [&hellip;]<\/p>\n","protected":false},"author":2,"featured_media":198,"comment_status":"open","ping_status":"open","sticky":false,"template":"","format":"standard","meta":{"footnotes":""},"categories":[1],"tags":[],"class_list":["post-197","post","type-post","status-publish","format-standard","has-post-thumbnail","hentry","category-turhal-haberleri"],"_links":{"self":[{"href":"https:\/\/www.turhalhakimiyet.com\/index.php\/wp-json\/wp\/v2\/posts\/197","targetHints":{"allow":["GET"]}}],"collection":[{"href":"https:\/\/www.turhalhakimiyet.com\/index.php\/wp-json\/wp\/v2\/posts"}],"about":[{"href":"https:\/\/www.turhalhakimiyet.com\/index.php\/wp-json\/wp\/v2\/types\/post"}],"author":[{"embeddable":true,"href":"https:\/\/www.turhalhakimiyet.com\/index.php\/wp-json\/wp\/v2\/users\/2"}],"replies":[{"embeddable":true,"href":"https:\/\/www.turhalhakimiyet.com\/index.php\/wp-json\/wp\/v2\/comments?post=197"}],"version-history":[{"count":1,"href":"https:\/\/www.turhalhakimiyet.com\/index.php\/wp-json\/wp\/v2\/posts\/197\/revisions"}],"predecessor-version":[{"id":199,"href":"https:\/\/www.turhalhakimiyet.com\/index.php\/wp-json\/wp\/v2\/posts\/197\/revisions\/199"}],"wp:featuredmedia":[{"embeddable":true,"href":"https:\/\/www.turhalhakimiyet.com\/index.php\/wp-json\/wp\/v2\/media\/198"}],"wp:attachment":[{"href":"https:\/\/www.turhalhakimiyet.com\/index.php\/wp-json\/wp\/v2\/media?parent=197"}],"wp:term":[{"taxonomy":"category","embeddable":true,"href":"https:\/\/www.turhalhakimiyet.com\/index.php\/wp-json\/wp\/v2\/categories?post=197"},{"taxonomy":"post_tag","embeddable":true,"href":"https:\/\/www.turhalhakimiyet.com\/index.php\/wp-json\/wp\/v2\/tags?post=197"}],"curies":[{"name":"wp","href":"https:\/\/api.w.org\/{rel}","templated":true}]}}