{"id":200,"date":"2021-09-21T17:20:06","date_gmt":"2021-09-21T14:20:06","guid":{"rendered":"https:\/\/www.turhalhakimiyet.com\/?p=200"},"modified":"2021-09-21T17:20:06","modified_gmt":"2021-09-21T14:20:06","slug":"tokatta-7-uluslararasi-tarih-egitimi-sempozyumu","status":"publish","type":"post","link":"https:\/\/www.turhalhakimiyet.com\/index.php\/tokatta-7-uluslararasi-tarih-egitimi-sempozyumu\/","title":{"rendered":"Tokat&#8217;ta 7. uluslararas\u0131 tarih e\u011fitimi sempozyumu"},"content":{"rendered":"\n<p>Uluslararas\u0131 Tarih E\u011fitimi Sempozyumu yap\u0131ld\u0131.<\/p>\n\n\n\n<p>15 Temmuz Kongre ve K\u00fclt\u00fcr Merkezi Milli \u0130rade Salonunda d\u00fczenlenen sempozyumun a\u00e7\u0131l\u0131\u015f konu\u015fmas\u0131n\u0131 Sempozyum D\u00fczenleme Komitesi Ba\u015fkan\u0131 Do\u00e7. Dr. Fatih Yaz\u0131c\u0131 yapt\u0131. Yaz\u0131c\u0131, 100&#8217;\u00fcn \u00fczerinde yerli ve yurt d\u0131\u015f\u0131ndan ara\u015ft\u0131rmac\u0131n\u0131n bildiriler ile sempozyuma destek verdi\u011fini, sempozyum program\u0131nda 4 adet panel, 1 konferans ve 3 at\u00f6lye \u00e7al\u0131\u015fmas\u0131n\u0131n yer alaca\u011f\u0131n\u0131 kaydetti. TOG\u00dc Rekt\u00f6r\u00fc Prof. Dr. B\u00fcnyamin \u015eahin ise konu\u015fmas\u0131nda \u00fcniversite b\u00fcnyesinde &#8216;de\u011ferlerimiz&#8217; se\u00e7meli dersinin t\u00fcm \u00f6\u011frencilere verildi\u011fini ve bu ders ile ilgili olarak da e\u011fiticilerin e\u011fitiminin tamamland\u0131\u011f\u0131n\u0131 s\u00f6yledi. Rekt\u00f6r \u015eahin, sempozyumun konusunun tarih e\u011fitimi ve onun e\u011fiticilerinin bu \u00f6rneklerden yola \u00e7\u0131karak almas\u0131 gereken y\u00fcksek k\u00fclt\u00fcr, e\u011fitim, bilgi ve beceri oldu\u011funu kaydetti. Son olarak konu\u015fma yapan Vali Dr. Ozan Balc\u0131, Tokat&#8217;\u0131n Sel\u00e7uklu, Osmanl\u0131 ve Cumhuriyet d\u00f6nemi eserlerini b\u00fcnyesinde bar\u0131nd\u0131ran \u00f6nemli tarihi bir \u015fehir oldu\u011funu dile getirdi.<\/p>\n\n\n\n<p>Konu\u015fmalar sonras\u0131 moderat\u00f6rl\u00fc\u011f\u00fcn\u00fc E\u011fitim Fak\u00fcltesi Dekan\u0131 Prof. Dr. Eren Y\u00fcr\u00fcd\u00fcr&#8217;\u00fcn yapm\u0131\u015f oldu\u011fu \u201cG\u00f6\u00e7menlik Yurtta\u015fl\u0131k ve Tarih E\u011fitimi\u201d konulu a\u00e7\u0131l\u0131\u015f paneli ger\u00e7ekle\u015ftirildi. Panele Nev\u015fehir Hac\u0131 Bekta\u015fi Veli \u00dcniversitesi Rekt\u00f6r\u00fc Prof. Dr. Semih Aktekin ve Gazi \u00dcniversitesi E\u011fitim Fak\u00fcltesi \u00d6\u011fretim \u00dcyesi Prof. Dr. H\u00fcseyin K\u00f6ksal konu\u015fmac\u0131 olarak kat\u0131ld\u0131.<\/p>\n","protected":false},"excerpt":{"rendered":"<p>Uluslararas\u0131 Tarih E\u011fitimi Sempozyumu yap\u0131ld\u0131. 15 Temmuz Kongre ve K\u00fclt\u00fcr Merkezi Milli \u0130rade Salonunda d\u00fczenlenen sempozyumun a\u00e7\u0131l\u0131\u015f konu\u015fmas\u0131n\u0131 Sempozyum D\u00fczenleme Komitesi Ba\u015fkan\u0131 Do\u00e7. Dr. Fatih Yaz\u0131c\u0131 yapt\u0131. Yaz\u0131c\u0131, 100&#8217;\u00fcn \u00fczerinde yerli ve yurt d\u0131\u015f\u0131ndan ara\u015ft\u0131rmac\u0131n\u0131n bildiriler ile sempozyuma destek verdi\u011fini, sempozyum program\u0131nda 4 adet panel, 1 konferans ve 3 at\u00f6lye \u00e7al\u0131\u015fmas\u0131n\u0131n yer alaca\u011f\u0131n\u0131 kaydetti. TOG\u00dc [&hellip;]<\/p>\n","protected":false},"author":2,"featured_media":201,"comment_status":"open","ping_status":"open","sticky":false,"template":"","format":"standard","meta":{"footnotes":""},"categories":[1],"tags":[],"class_list":["post-200","post","type-post","status-publish","format-standard","has-post-thumbnail","hentry","category-turhal-haberleri"],"_links":{"self":[{"href":"https:\/\/www.turhalhakimiyet.com\/index.php\/wp-json\/wp\/v2\/posts\/200","targetHints":{"allow":["GET"]}}],"collection":[{"href":"https:\/\/www.turhalhakimiyet.com\/index.php\/wp-json\/wp\/v2\/posts"}],"about":[{"href":"https:\/\/www.turhalhakimiyet.com\/index.php\/wp-json\/wp\/v2\/types\/post"}],"author":[{"embeddable":true,"href":"https:\/\/www.turhalhakimiyet.com\/index.php\/wp-json\/wp\/v2\/users\/2"}],"replies":[{"embeddable":true,"href":"https:\/\/www.turhalhakimiyet.com\/index.php\/wp-json\/wp\/v2\/comments?post=200"}],"version-history":[{"count":1,"href":"https:\/\/www.turhalhakimiyet.com\/index.php\/wp-json\/wp\/v2\/posts\/200\/revisions"}],"predecessor-version":[{"id":202,"href":"https:\/\/www.turhalhakimiyet.com\/index.php\/wp-json\/wp\/v2\/posts\/200\/revisions\/202"}],"wp:featuredmedia":[{"embeddable":true,"href":"https:\/\/www.turhalhakimiyet.com\/index.php\/wp-json\/wp\/v2\/media\/201"}],"wp:attachment":[{"href":"https:\/\/www.turhalhakimiyet.com\/index.php\/wp-json\/wp\/v2\/media?parent=200"}],"wp:term":[{"taxonomy":"category","embeddable":true,"href":"https:\/\/www.turhalhakimiyet.com\/index.php\/wp-json\/wp\/v2\/categories?post=200"},{"taxonomy":"post_tag","embeddable":true,"href":"https:\/\/www.turhalhakimiyet.com\/index.php\/wp-json\/wp\/v2\/tags?post=200"}],"curies":[{"name":"wp","href":"https:\/\/api.w.org\/{rel}","templated":true}]}}