{"id":239,"date":"2021-10-19T13:32:47","date_gmt":"2021-10-19T10:32:47","guid":{"rendered":"https:\/\/www.turhalhakimiyet.com\/?p=239"},"modified":"2021-10-19T13:32:47","modified_gmt":"2021-10-19T10:32:47","slug":"otomobil-carpan-ayi-tedavi-altina-alindi","status":"publish","type":"post","link":"https:\/\/www.turhalhakimiyet.com\/index.php\/otomobil-carpan-ayi-tedavi-altina-alindi\/","title":{"rendered":"Otomobil \u00e7arpan ay\u0131 tedavi alt\u0131na al\u0131nd\u0131"},"content":{"rendered":"\n<p>Tokat&#8217;ta otomobilin \u00e7apmas\u0131 sonucu yaralanan ay\u0131 Veteriner Hekim taraf\u0131ndan muayene edilmesinin ard\u0131ndan bar\u0131nak da tedavi alt\u0131na al\u0131nd\u0131.<\/p>\n\n\n\n<p>Tokat-Sivas kara yolu K\u0131z\u0131lini\u015f mevkiinde otomobil \u00e7arpmas\u0131 sonucu yaralanan ay\u0131 tedavi alt\u0131na al\u0131nd\u0131. Do\u011fa Koruma ve Milli Parklar M\u00fcd\u00fcrl\u00fc\u011f\u00fc ekipleri taraf\u0131ndan i\u011fneyle uyu\u015fturulan ay\u0131 tedavi edilmek \u00fczere Veteriner Hekime getirildi. Veteriner Hekim Muhammed Ahmet G\u00fclden, ay\u0131n\u0131n yap\u0131lan muayenesinde k\u0131r\u0131\u011fa rastlanmad\u0131\u011f\u0131n\u0131 belirterek, \u201cHayvan bize getirili\u011finde \u015fok durumunda idi. Gerekli muayenesini yapt\u0131k. Kanamas\u0131n\u0131 durdurmaya y\u00f6nelik, \u015foku atlatmas\u0131 i\u00e7in serum tedavisi yapt\u0131k. Hayat\u0131mda ilk defa bu kadar yak\u0131ndan bir ay\u0131 g\u00f6rerek dokundum. Benim i\u00e7inde farkl\u0131 bir tecr\u00fcbe oldu. Gerekli tedavilerini tamamlad\u0131ktan sonra ay\u0131y\u0131 Do\u011fa Koruma ve Milli Parklar M\u00fcd\u00fcrl\u00fc\u011f\u00fc ekiplerine teslim ettik. Ay\u0131n\u0131n tedavisi Tokat Belediyesi bar\u0131na\u011f\u0131nda devam ediyor\u201d diye konu\u015ftu.<\/p>\n","protected":false},"excerpt":{"rendered":"<p>Tokat&#8217;ta otomobilin \u00e7apmas\u0131 sonucu yaralanan ay\u0131 Veteriner Hekim taraf\u0131ndan muayene edilmesinin ard\u0131ndan bar\u0131nak da tedavi alt\u0131na al\u0131nd\u0131. Tokat-Sivas kara yolu K\u0131z\u0131lini\u015f mevkiinde otomobil \u00e7arpmas\u0131 sonucu yaralanan ay\u0131 tedavi alt\u0131na al\u0131nd\u0131. Do\u011fa Koruma ve Milli Parklar M\u00fcd\u00fcrl\u00fc\u011f\u00fc ekipleri taraf\u0131ndan i\u011fneyle uyu\u015fturulan ay\u0131 tedavi edilmek \u00fczere Veteriner Hekime getirildi. Veteriner Hekim Muhammed Ahmet G\u00fclden, ay\u0131n\u0131n yap\u0131lan muayenesinde [&hellip;]<\/p>\n","protected":false},"author":2,"featured_media":240,"comment_status":"open","ping_status":"open","sticky":false,"template":"","format":"standard","meta":{"footnotes":""},"categories":[1],"tags":[],"class_list":["post-239","post","type-post","status-publish","format-standard","has-post-thumbnail","hentry","category-turhal-haberleri"],"_links":{"self":[{"href":"https:\/\/www.turhalhakimiyet.com\/index.php\/wp-json\/wp\/v2\/posts\/239","targetHints":{"allow":["GET"]}}],"collection":[{"href":"https:\/\/www.turhalhakimiyet.com\/index.php\/wp-json\/wp\/v2\/posts"}],"about":[{"href":"https:\/\/www.turhalhakimiyet.com\/index.php\/wp-json\/wp\/v2\/types\/post"}],"author":[{"embeddable":true,"href":"https:\/\/www.turhalhakimiyet.com\/index.php\/wp-json\/wp\/v2\/users\/2"}],"replies":[{"embeddable":true,"href":"https:\/\/www.turhalhakimiyet.com\/index.php\/wp-json\/wp\/v2\/comments?post=239"}],"version-history":[{"count":1,"href":"https:\/\/www.turhalhakimiyet.com\/index.php\/wp-json\/wp\/v2\/posts\/239\/revisions"}],"predecessor-version":[{"id":241,"href":"https:\/\/www.turhalhakimiyet.com\/index.php\/wp-json\/wp\/v2\/posts\/239\/revisions\/241"}],"wp:featuredmedia":[{"embeddable":true,"href":"https:\/\/www.turhalhakimiyet.com\/index.php\/wp-json\/wp\/v2\/media\/240"}],"wp:attachment":[{"href":"https:\/\/www.turhalhakimiyet.com\/index.php\/wp-json\/wp\/v2\/media?parent=239"}],"wp:term":[{"taxonomy":"category","embeddable":true,"href":"https:\/\/www.turhalhakimiyet.com\/index.php\/wp-json\/wp\/v2\/categories?post=239"},{"taxonomy":"post_tag","embeddable":true,"href":"https:\/\/www.turhalhakimiyet.com\/index.php\/wp-json\/wp\/v2\/tags?post=239"}],"curies":[{"name":"wp","href":"https:\/\/api.w.org\/{rel}","templated":true}]}}