{"id":251,"date":"2021-11-02T10:41:58","date_gmt":"2021-11-02T07:41:58","guid":{"rendered":"https:\/\/www.turhalhakimiyet.com\/?p=251"},"modified":"2021-11-02T10:41:58","modified_gmt":"2021-11-02T07:41:58","slug":"kayip-olan-polis-memuru-icin-arama-calismasi-baslatildi","status":"publish","type":"post","link":"https:\/\/www.turhalhakimiyet.com\/index.php\/kayip-olan-polis-memuru-icin-arama-calismasi-baslatildi\/","title":{"rendered":"Kay\u0131p olan polis memuru i\u00e7in arama \u00e7al\u0131\u015fmas\u0131 ba\u015flat\u0131ld\u0131"},"content":{"rendered":"\n<h3 class=\"wp-block-heading\">Tokat\u2019\u0131n Almus il\u00e7esinde kendisinden 6 g\u00fcnd\u00fcr haber al\u0131namayan polis memuru Musa T\u00fcz\u00fcn\u2019\u00fc arama \u00e7al\u0131\u015fmas\u0131 ba\u015flat\u0131ld\u0131.<\/h3>\n\n\n\n<p>Tokat&#8217;\u0131n Almus il\u00e7esinde kendisinden 6 g\u00fcnd\u00fcr haber al\u0131namayan polis memuru Musa T\u00fcz\u00fcn&#8217;\u00fc arama \u00e7al\u0131\u015fmas\u0131 ba\u015flat\u0131ld\u0131.<\/p>\n\n\n\n<p>Edinilen bilgiye g\u00f6re, Tokat&#8217;\u0131n Almus il\u00e7esinde g\u00f6rev yapan Musa T\u00fcz\u00fcn, 26 Ekim&#8217;de y\u0131ll\u0131k izne ayr\u0131ld\u0131. Kendisinden yakla\u015f\u0131k 6 g\u00fcnd\u00fcr haber almayan yak\u0131nlar\u0131n\u0131 kay\u0131p ba\u015fvurusu \u00fczerine arama \u00e7al\u0131\u015fmas\u0131 ba\u015flat\u0131ld\u0131. Almus il\u00e7esinde mesire alanlar\u0131n\u0131n yan\u0131 s\u0131ra ormanl\u0131k alanlarda Jandarma ve AFAD ekipleri taraf\u0131ndan arama \u00e7al\u0131\u015fmas\u0131 ba\u015flat\u0131ld\u0131. Bekar olan T\u00fcz\u00fcn&#8217;\u00fcn yakla\u015f\u0131k 6 ay \u00f6nce Tunceli&#8217;den yeni g\u00f6rev yapt\u0131\u011f\u0131 yere gelerek \u00e7al\u0131\u015fmaya ba\u015flad\u0131\u011f\u0131 \u00f6\u011frenildi.<\/p>\n","protected":false},"excerpt":{"rendered":"<p>Tokat\u2019\u0131n Almus il\u00e7esinde kendisinden 6 g\u00fcnd\u00fcr haber al\u0131namayan polis memuru Musa T\u00fcz\u00fcn\u2019\u00fc arama \u00e7al\u0131\u015fmas\u0131 ba\u015flat\u0131ld\u0131. Tokat&#8217;\u0131n Almus il\u00e7esinde kendisinden 6 g\u00fcnd\u00fcr haber al\u0131namayan polis memuru Musa T\u00fcz\u00fcn&#8217;\u00fc arama \u00e7al\u0131\u015fmas\u0131 ba\u015flat\u0131ld\u0131. Edinilen bilgiye g\u00f6re, Tokat&#8217;\u0131n Almus il\u00e7esinde g\u00f6rev yapan Musa T\u00fcz\u00fcn, 26 Ekim&#8217;de y\u0131ll\u0131k izne ayr\u0131ld\u0131. Kendisinden yakla\u015f\u0131k 6 g\u00fcnd\u00fcr haber almayan yak\u0131nlar\u0131n\u0131 kay\u0131p ba\u015fvurusu \u00fczerine [&hellip;]<\/p>\n","protected":false},"author":2,"featured_media":252,"comment_status":"open","ping_status":"open","sticky":false,"template":"","format":"standard","meta":{"footnotes":""},"categories":[1],"tags":[],"class_list":["post-251","post","type-post","status-publish","format-standard","has-post-thumbnail","hentry","category-turhal-haberleri"],"_links":{"self":[{"href":"https:\/\/www.turhalhakimiyet.com\/index.php\/wp-json\/wp\/v2\/posts\/251","targetHints":{"allow":["GET"]}}],"collection":[{"href":"https:\/\/www.turhalhakimiyet.com\/index.php\/wp-json\/wp\/v2\/posts"}],"about":[{"href":"https:\/\/www.turhalhakimiyet.com\/index.php\/wp-json\/wp\/v2\/types\/post"}],"author":[{"embeddable":true,"href":"https:\/\/www.turhalhakimiyet.com\/index.php\/wp-json\/wp\/v2\/users\/2"}],"replies":[{"embeddable":true,"href":"https:\/\/www.turhalhakimiyet.com\/index.php\/wp-json\/wp\/v2\/comments?post=251"}],"version-history":[{"count":1,"href":"https:\/\/www.turhalhakimiyet.com\/index.php\/wp-json\/wp\/v2\/posts\/251\/revisions"}],"predecessor-version":[{"id":253,"href":"https:\/\/www.turhalhakimiyet.com\/index.php\/wp-json\/wp\/v2\/posts\/251\/revisions\/253"}],"wp:featuredmedia":[{"embeddable":true,"href":"https:\/\/www.turhalhakimiyet.com\/index.php\/wp-json\/wp\/v2\/media\/252"}],"wp:attachment":[{"href":"https:\/\/www.turhalhakimiyet.com\/index.php\/wp-json\/wp\/v2\/media?parent=251"}],"wp:term":[{"taxonomy":"category","embeddable":true,"href":"https:\/\/www.turhalhakimiyet.com\/index.php\/wp-json\/wp\/v2\/categories?post=251"},{"taxonomy":"post_tag","embeddable":true,"href":"https:\/\/www.turhalhakimiyet.com\/index.php\/wp-json\/wp\/v2\/tags?post=251"}],"curies":[{"name":"wp","href":"https:\/\/api.w.org\/{rel}","templated":true}]}}