{"id":257,"date":"2021-11-02T10:43:46","date_gmt":"2021-11-02T07:43:46","guid":{"rendered":"https:\/\/www.turhalhakimiyet.com\/?p=257"},"modified":"2021-11-02T10:43:46","modified_gmt":"2021-11-02T07:43:46","slug":"bakan-soylu-pomem-mulakat-sonuclari-2-gun-icerisinde-aciklanacak","status":"publish","type":"post","link":"https:\/\/www.turhalhakimiyet.com\/index.php\/bakan-soylu-pomem-mulakat-sonuclari-2-gun-icerisinde-aciklanacak\/","title":{"rendered":"Bakan Soylu: \u201cPOMEM m\u00fclakat sonu\u00e7lar\u0131 2 g\u00fcn i\u00e7erisinde a\u00e7\u0131klanacak\u201d"},"content":{"rendered":"\n<h3 class=\"wp-block-heading\">\u0130\u00e7i\u015fleri Bakan\u0131 S\u00fcleyman Soylu, Polis Akademisi Ba\u015fkanl\u0131\u011f\u0131n\u0131n polis al\u0131m\u0131 i\u00e7in ger\u00e7ekle\u015ftirdi\u011fi 27.<\/h3>\n\n\n\n<p>d\u00f6nem POMEM s\u00f6zl\u00fc m\u00fclakat sonu\u00e7lar\u0131n\u0131n 2 g\u00fcn i\u00e7erisinde a\u00e7\u0131klanaca\u011f\u0131n\u0131 s\u00f6yledi.<\/p>\n\n\n\n<p>Tokat&#8217;ta temaslarda bulunan \u0130\u00e7i\u015fleri Bakan\u0131 S\u00fcleyman Soylu, Ye\u015fil\u0131rmak kenar\u0131nda bulunan H\u0131d\u0131rl\u0131k Sosyal Tesislerinde gen\u00e7lerle bulu\u015ftu. \u00d6\u011frencilere \u2018yapt\u0131\u011f\u0131n\u0131z\u0131n i\u015fin en iyisini yapmaya \u00e7al\u0131\u015f\u0131n&#8217; tavsiyesinde bulunan Bakan Soylu, \u201cYak\u0131n \u00e7evreniz kadar sevgili gen\u00e7 arkada\u015flar\u0131m, d\u0131\u015f\u0131n\u0131z\u0131 da g\u00f6zetmeniz, orayla ilgili atabilece\u011finiz ad\u0131mlar\u0131 alabilece\u011finiz tedbirleri ve ayn\u0131 zamanda da kuraca\u011f\u0131n\u0131z ili\u015fkileri kurman\u0131z gerekir. Hayat bizden, kendimizden ibarettir. B\u00fcy\u00fck bir d\u00fcnyan\u0131n bir par\u00e7as\u0131y\u0131z. Ba\u015fka bir \u015fey daha s\u00f6yleyeyim. Annenizin, baban\u0131z\u0131n duas\u0131n\u0131 almay\u0131 hi\u00e7 ihmal etmeyiniz. Bu d\u00fcnya ge\u00e7i\u015f, as\u0131l ahiret o taraf. Ama Allah bize m\u00fcjdeliyor diyor ki \u2018Ben zorluklar\u0131n\u0131z\u0131 kolay ederim&#8217; diyor. Onun i\u00e7in hi\u00e7 oradan ayr\u0131lmay\u0131n. Ve yine en \u00f6nemli meselelerden bir tanesi de kendinizi s\u00fcrekli ama s\u00fcrekli yenileyin. Kendinizin s\u00fcrekli geli\u015fimini sa\u011flamaya \u00e7al\u0131\u015fan bir anlay\u0131\u015f ortaya koyun. Bunu da ni\u00e7in s\u00f6yl\u00fcyorum? Bunlar\u0131 \u015funun i\u00e7in s\u00f6yl\u00fcyorum. Bug\u00fcn bunu ifade etmemenin en temel nedeni \u015fu bir \u015fey de gelecek tayini bulunmaktan Allah&#8217;a s\u0131\u011f\u0131n\u0131r\u0131m. Ama sizin ya\u015fad\u0131\u011f\u0131n\u0131z T\u00fcrkiye&#8217;ye herkes imrenerek bakacak. Onun i\u00e7in hem karakterlerimiz \u00e7ok g\u00fc\u00e7l\u00fc, her bilginiz \u00e7ok g\u00fc\u00e7l\u00fc, hem yetenekleriniz \u00e7ok g\u00fc\u00e7l\u00fc, hem de sa\u011flam bast\u0131\u011f\u0131n\u0131z co\u011frafya gibi kendiniz de \u00e7ok g\u00fc\u00e7l\u00fc olmal\u0131s\u0131n\u0131z\u201d dedi.<\/p>\n\n\n\n<p>POMEM m\u00fclakat sonu\u00e7lar\u0131 iki g\u00fcn i\u00e7erisinde a\u00e7\u0131klanacak<\/p>\n\n\n\n<p>Bakan Soylu, bir \u00f6\u011frencinin sorusu \u00fczerine Polis Akademisi Ba\u015fkanl\u0131\u011f\u0131n\u0131n, polis al\u0131m\u0131 i\u00e7in ger\u00e7ekle\u015ftirdi\u011fi 27. d\u00f6nem POMEM s\u00f6zl\u00fc m\u00fclakat sonu\u00e7lar\u0131n\u0131n 2 g\u00fcn i\u00e7erisinde a\u00e7\u0131klanaca\u011f\u0131n\u0131 s\u00f6yledi. Balan Soylu, \u00f6\u011frencilerden sonra STK temsilcileri ile bir araya geldi.<\/p>\n","protected":false},"excerpt":{"rendered":"<p>\u0130\u00e7i\u015fleri Bakan\u0131 S\u00fcleyman Soylu, Polis Akademisi Ba\u015fkanl\u0131\u011f\u0131n\u0131n polis al\u0131m\u0131 i\u00e7in ger\u00e7ekle\u015ftirdi\u011fi 27. d\u00f6nem POMEM s\u00f6zl\u00fc m\u00fclakat sonu\u00e7lar\u0131n\u0131n 2 g\u00fcn i\u00e7erisinde a\u00e7\u0131klanaca\u011f\u0131n\u0131 s\u00f6yledi. Tokat&#8217;ta temaslarda bulunan \u0130\u00e7i\u015fleri Bakan\u0131 S\u00fcleyman Soylu, Ye\u015fil\u0131rmak kenar\u0131nda bulunan H\u0131d\u0131rl\u0131k Sosyal Tesislerinde gen\u00e7lerle bulu\u015ftu. \u00d6\u011frencilere \u2018yapt\u0131\u011f\u0131n\u0131z\u0131n i\u015fin en iyisini yapmaya \u00e7al\u0131\u015f\u0131n&#8217; tavsiyesinde bulunan Bakan Soylu, \u201cYak\u0131n \u00e7evreniz kadar sevgili gen\u00e7 arkada\u015flar\u0131m, d\u0131\u015f\u0131n\u0131z\u0131 [&hellip;]<\/p>\n","protected":false},"author":2,"featured_media":258,"comment_status":"open","ping_status":"open","sticky":false,"template":"","format":"standard","meta":{"footnotes":""},"categories":[1],"tags":[],"class_list":["post-257","post","type-post","status-publish","format-standard","has-post-thumbnail","hentry","category-turhal-haberleri"],"_links":{"self":[{"href":"https:\/\/www.turhalhakimiyet.com\/index.php\/wp-json\/wp\/v2\/posts\/257","targetHints":{"allow":["GET"]}}],"collection":[{"href":"https:\/\/www.turhalhakimiyet.com\/index.php\/wp-json\/wp\/v2\/posts"}],"about":[{"href":"https:\/\/www.turhalhakimiyet.com\/index.php\/wp-json\/wp\/v2\/types\/post"}],"author":[{"embeddable":true,"href":"https:\/\/www.turhalhakimiyet.com\/index.php\/wp-json\/wp\/v2\/users\/2"}],"replies":[{"embeddable":true,"href":"https:\/\/www.turhalhakimiyet.com\/index.php\/wp-json\/wp\/v2\/comments?post=257"}],"version-history":[{"count":1,"href":"https:\/\/www.turhalhakimiyet.com\/index.php\/wp-json\/wp\/v2\/posts\/257\/revisions"}],"predecessor-version":[{"id":259,"href":"https:\/\/www.turhalhakimiyet.com\/index.php\/wp-json\/wp\/v2\/posts\/257\/revisions\/259"}],"wp:featuredmedia":[{"embeddable":true,"href":"https:\/\/www.turhalhakimiyet.com\/index.php\/wp-json\/wp\/v2\/media\/258"}],"wp:attachment":[{"href":"https:\/\/www.turhalhakimiyet.com\/index.php\/wp-json\/wp\/v2\/media?parent=257"}],"wp:term":[{"taxonomy":"category","embeddable":true,"href":"https:\/\/www.turhalhakimiyet.com\/index.php\/wp-json\/wp\/v2\/categories?post=257"},{"taxonomy":"post_tag","embeddable":true,"href":"https:\/\/www.turhalhakimiyet.com\/index.php\/wp-json\/wp\/v2\/tags?post=257"}],"curies":[{"name":"wp","href":"https:\/\/api.w.org\/{rel}","templated":true}]}}