{"id":282,"date":"2021-12-21T14:39:07","date_gmt":"2021-12-21T11:39:07","guid":{"rendered":"https:\/\/www.turhalhakimiyet.com\/?p=282"},"modified":"2021-12-21T14:39:07","modified_gmt":"2021-12-21T11:39:07","slug":"iki-cuval-cevizle-basladi-kendi-isinin-patronu-oldu","status":"publish","type":"post","link":"https:\/\/www.turhalhakimiyet.com\/index.php\/iki-cuval-cevizle-basladi-kendi-isinin-patronu-oldu\/","title":{"rendered":"\u0130ki \u00e7uval cevizle ba\u015flad\u0131, kendi i\u015finin patronu oldu"},"content":{"rendered":"\n<p>Tokat&#8217;\u0131n Niksar il\u00e7esinde evinde iki \u00e7uval cevizle i\u015fe ba\u015flayan \u00fc\u00e7 \u00e7ocuk annesi, kendi i\u015finin patronu oldu.<\/p>\n\n\n\n<p>Co\u011frafi i\u015fareti al\u0131nan Niksar cevizi, ev han\u0131m\u0131 olan Nezahat Dolu&#8217;nun (55) hayat\u0131n\u0131 de\u011fi\u015ftirdi. Evde kendi imkanlar\u0131 ile iki \u00e7uval cevizle i\u015f hayat\u0131na ba\u015flayan Dolu, sanayi sitesinde ceviz k\u0131rma at\u00f6lyesi a\u00e7t\u0131. E\u015fi ve \u00e7ocuklar\u0131n\u0131n yan\u0131 s\u0131ra 4 kad\u0131na istihdam sa\u011flayan Dolu, yurt i\u00e7i piyasaya ceviz i\u00e7i g\u00f6ndermeye ba\u015flad\u0131. Ceviz k\u0131rma at\u00f6lyesinde i\u00e7 ceviz kalite ve cinsine g\u00f6re ay\u0131r\u0131l\u0131p kolilenerek i\u00e7 piyasaya sunuluyor. Yakla\u015f\u0131k 10 y\u0131l \u00f6nce evde ceviz k\u0131rarak ba\u015flad\u0131\u011f\u0131 i\u015f hayat\u0131nda patron olmaktan mutlu oldu\u011funu belirten Dolu, \u201c\u00c7al\u0131\u015f\u0131yorum, \u00e7al\u0131\u015fmay\u0131 da seviyorum. B\u00fct\u00fcn bayan arkada\u015flar\u0131ma da tavsiye ederim. Herkesin elinde bir becerisi vard\u0131r mutlaka. Herkes elinden gelen beceriyi yapmaya \u00e7al\u0131\u015fs\u0131n. Evde oturup zaman \u00f6ld\u00fcrmektense \u00e7al\u0131\u015fmas\u0131 daha mant\u0131kl\u0131. Aile b\u00fct\u00e7esine \u00e7ocuklar\u0131na katk\u0131 olur\u201d dedi.<\/p>\n\n\n\n<p>Dolu, e\u015fi ve \u00e7ocuklar\u0131n\u0131n da deste\u011fi ile aile \u015firketi kurduklar\u0131n\u0131 belirterek, \u201cYaln\u0131z de\u011filim, birlikte \u00e7al\u0131\u015f\u0131yoruz. Kendi i\u015fimi kurdu\u011fum i\u00e7in \u00e7ok mutluyum. \u0130\u015fimi severek yap\u0131yorum, a\u011f\u0131r gelmiyor bana. Ceviz patroni\u00e7esi olmak g\u00fczel bir duygu. B\u00f6yle hitap edilmesi ho\u015fuma da gidiyor. Gitti\u011fim yerlerde daha g\u00fcvenilir, daha herkesin ablas\u0131 oluyorum, annesi oluyorum\u201d diye konu\u015ftu.<\/p>\n\n\n\n<p>Kabuklu cevizden 5 \u00e7e\u015fit elde ettiklerini ifade eden Dolu, \u201cK\u0131rd\u0131\u011f\u0131m\u0131z ve \u00e7e\u015fitlerinde ay\u0131rd\u0131\u011f\u0131m\u0131z ceviz, kuruyemi\u015f\u00e7iler, tatl\u0131c\u0131lar\u0131n yan\u0131 s\u0131ra k\u00f6y ekme\u011finde de kullan\u0131yorlar. Cevizin faydalar\u0131 \u00e7oktur. B\u00fct\u00fcn herkese \u00f6zellikle \u00e7ocuklar\u0131na ceviz yedirmelerini tavsiye ederim. \u00c7\u00fcnk\u00fc beyin geli\u015fiminde, zekada \u00e7ok faydas\u0131 oldu\u011funu doktorlar s\u00f6yl\u00fcyor\u201d ifadelerini kulland\u0131.<\/p>\n","protected":false},"excerpt":{"rendered":"<p>Tokat&#8217;\u0131n Niksar il\u00e7esinde evinde iki \u00e7uval cevizle i\u015fe ba\u015flayan \u00fc\u00e7 \u00e7ocuk annesi, kendi i\u015finin patronu oldu. Co\u011frafi i\u015fareti al\u0131nan Niksar cevizi, ev han\u0131m\u0131 olan Nezahat Dolu&#8217;nun (55) hayat\u0131n\u0131 de\u011fi\u015ftirdi. Evde kendi imkanlar\u0131 ile iki \u00e7uval cevizle i\u015f hayat\u0131na ba\u015flayan Dolu, sanayi sitesinde ceviz k\u0131rma at\u00f6lyesi a\u00e7t\u0131. E\u015fi ve \u00e7ocuklar\u0131n\u0131n yan\u0131 s\u0131ra 4 kad\u0131na istihdam sa\u011flayan [&hellip;]<\/p>\n","protected":false},"author":2,"featured_media":283,"comment_status":"open","ping_status":"open","sticky":false,"template":"","format":"standard","meta":{"footnotes":""},"categories":[1],"tags":[],"class_list":["post-282","post","type-post","status-publish","format-standard","has-post-thumbnail","hentry","category-turhal-haberleri"],"_links":{"self":[{"href":"https:\/\/www.turhalhakimiyet.com\/index.php\/wp-json\/wp\/v2\/posts\/282","targetHints":{"allow":["GET"]}}],"collection":[{"href":"https:\/\/www.turhalhakimiyet.com\/index.php\/wp-json\/wp\/v2\/posts"}],"about":[{"href":"https:\/\/www.turhalhakimiyet.com\/index.php\/wp-json\/wp\/v2\/types\/post"}],"author":[{"embeddable":true,"href":"https:\/\/www.turhalhakimiyet.com\/index.php\/wp-json\/wp\/v2\/users\/2"}],"replies":[{"embeddable":true,"href":"https:\/\/www.turhalhakimiyet.com\/index.php\/wp-json\/wp\/v2\/comments?post=282"}],"version-history":[{"count":1,"href":"https:\/\/www.turhalhakimiyet.com\/index.php\/wp-json\/wp\/v2\/posts\/282\/revisions"}],"predecessor-version":[{"id":284,"href":"https:\/\/www.turhalhakimiyet.com\/index.php\/wp-json\/wp\/v2\/posts\/282\/revisions\/284"}],"wp:featuredmedia":[{"embeddable":true,"href":"https:\/\/www.turhalhakimiyet.com\/index.php\/wp-json\/wp\/v2\/media\/283"}],"wp:attachment":[{"href":"https:\/\/www.turhalhakimiyet.com\/index.php\/wp-json\/wp\/v2\/media?parent=282"}],"wp:term":[{"taxonomy":"category","embeddable":true,"href":"https:\/\/www.turhalhakimiyet.com\/index.php\/wp-json\/wp\/v2\/categories?post=282"},{"taxonomy":"post_tag","embeddable":true,"href":"https:\/\/www.turhalhakimiyet.com\/index.php\/wp-json\/wp\/v2\/tags?post=282"}],"curies":[{"name":"wp","href":"https:\/\/api.w.org\/{rel}","templated":true}]}}