{"id":309,"date":"2022-02-15T16:14:11","date_gmt":"2022-02-15T13:14:11","guid":{"rendered":"https:\/\/www.turhalhakimiyet.com\/?p=309"},"modified":"2022-02-15T16:17:21","modified_gmt":"2022-02-15T13:17:21","slug":"kalbine-yenik-dusen-polis-memuru-memleketi-tokatta-defnedildi","status":"publish","type":"post","link":"https:\/\/www.turhalhakimiyet.com\/index.php\/kalbine-yenik-dusen-polis-memuru-memleketi-tokatta-defnedildi\/","title":{"rendered":"Tokat, korona vir\u00fcs vaka yo\u011funlu\u011funda zirveyi zorluyor"},"content":{"rendered":"\n<p>Tokat, T\u00fcrkiye&#8217;de vaka yo\u011funlu\u011fu en \u00e7ok artan iller aras\u0131nda ikinci s\u0131rada yer ald\u0131.<\/p>\n\n\n\n<p>Sa\u011fl\u0131k Bakanl\u0131\u011f\u0131 taraf\u0131ndan 29 Ocak-4 \u015eubat tarihleri aras\u0131 korona vir\u00fcs tablosunda vaka yo\u011funlu\u011fu bir \u00f6nceki haftaya g\u00f6re en \u00e7ok artan 10 il (Samsun, Tokat, Ordu, U\u015fak, Artvin, Giresun, Karab\u00fck, Amasya, \u00c7orum ve Adana) a\u00e7\u0131kland\u0131. Tokat \u0130l Sa\u011fl\u0131k M\u00fcd\u00fcr\u00fc Dr. \u00d6ner Nergiz, y\u00fcz binde bin 245 vaka ile ikinci s\u0131rada yer alan kentte vatanda\u015flara uyar\u0131larda bulundu. Vakalar\u0131n \u00e7o\u011funun Omicron varyant\u0131 oldu\u011funu belirten Nergiz, \u201dTokat&#8217;\u0131m\u0131zda vaka say\u0131lar\u0131n\u0131n artt\u0131\u011f\u0131n\u0131 g\u00f6r\u00fcyoruz. Buda halen riskli bir il oldu\u011fumuzu g\u00f6steriyor. Bu manada maske, mesafe, hijyen kurallar\u0131na dikkat edece\u011fiz. Biz bu noktada her zaman s\u00f6yledi\u011fimiz gibi yine a\u015f\u0131 diyece\u011fiz. \u0130limizde a\u015f\u0131 oran\u0131m\u0131z birinci dozda y\u00fczde 85&#8217;de, y\u00fczde 15 vatanda\u015f\u0131m\u0131z\u0131n halen a\u015f\u0131s\u0131 yok. Ben o y\u00fczde 15&#8217;lik vatanda\u015f\u0131m\u0131z\u0131 a\u015f\u0131ya davet ediyorum\u201d dedi.<\/p>\n\n\n\n<p>Hastanelerde yo\u011funluk art\u0131yor<\/p>\n\n\n\n<p>A\u015f\u0131 olmayanlar\u0131 yerli a\u015f\u0131 olmaya davet eden M\u00fcd\u00fcr Nergiz, \u201cVatanda\u015f\u0131m\u0131za niye a\u015f\u0131 olmuyorsunuz? diye sordu\u011fumuzda \u2018Turkovac&#8217;\u0131 bekliyoruz&#8217; diyorlard\u0131. Tokat Devlet Hastanemizde Turkovac a\u015f\u0131 yap\u0131yoruz. Ge\u00e7en haftadan bu yana bin 104 ki\u015fiyi a\u015f\u0131lad\u0131k. Ama bunun b\u00fcy\u00fck bir \u00e7o\u011funlu\u011fu ikinci \u00fc\u00e7 ve d\u00f6rd\u00fcnc\u00fc dozlarda. Ben daha \u00e7ok birinci dozlar\u0131 bekliyorum. Yine ilk dozunu yapt\u0131rm\u0131\u015f vatanda\u015f\u0131m\u0131z ikinci dozunu yapt\u0131rmad\u0131ysa onlar da mutlaka a\u015f\u0131lar\u0131n\u0131 yapt\u0131rs\u0131nlar. Bunun yan\u0131nda \u00fczerinden 3 ay, 6 ay ge\u00e7mi\u015f vatanda\u015flar\u0131m\u0131z da hat\u0131rlatma dozlar\u0131n\u0131 mutlaka yapt\u0131rs\u0131nlar. Bunun i\u00e7in ilimizde 120 noktada a\u015f\u0131 yap\u0131yoruz. Hastanelerimizde yer sorunumuz yok \u015fu an. Ama yerlerimiz biliyorsunuz s\u0131n\u0131rl\u0131, bir yerden sonra art\u0131k sorunumuz olabilir. Onun i\u00e7in vatanda\u015flar\u0131m\u0131z\u0131n bir an \u00f6nce tedbiri elden b\u0131rakmayarak a\u015f\u0131lar\u0131n\u0131 yapt\u0131rarak bizlere yard\u0131mc\u0131 olmalar\u0131n\u0131 bekliyoruz\u201d diye konu\u015ftu.<\/p>\n","protected":false},"excerpt":{"rendered":"<p>Tokat, T\u00fcrkiye&#8217;de vaka yo\u011funlu\u011fu en \u00e7ok artan iller aras\u0131nda ikinci s\u0131rada yer ald\u0131. Sa\u011fl\u0131k Bakanl\u0131\u011f\u0131 taraf\u0131ndan 29 Ocak-4 \u015eubat tarihleri aras\u0131 korona vir\u00fcs tablosunda vaka yo\u011funlu\u011fu bir \u00f6nceki haftaya g\u00f6re en \u00e7ok artan 10 il (Samsun, Tokat, Ordu, U\u015fak, Artvin, Giresun, Karab\u00fck, Amasya, \u00c7orum ve Adana) a\u00e7\u0131kland\u0131. Tokat \u0130l Sa\u011fl\u0131k M\u00fcd\u00fcr\u00fc Dr. \u00d6ner Nergiz, y\u00fcz [&hellip;]<\/p>\n","protected":false},"author":2,"featured_media":313,"comment_status":"open","ping_status":"open","sticky":false,"template":"","format":"standard","meta":{"footnotes":""},"categories":[1],"tags":[],"class_list":["post-309","post","type-post","status-publish","format-standard","has-post-thumbnail","hentry","category-turhal-haberleri"],"_links":{"self":[{"href":"https:\/\/www.turhalhakimiyet.com\/index.php\/wp-json\/wp\/v2\/posts\/309","targetHints":{"allow":["GET"]}}],"collection":[{"href":"https:\/\/www.turhalhakimiyet.com\/index.php\/wp-json\/wp\/v2\/posts"}],"about":[{"href":"https:\/\/www.turhalhakimiyet.com\/index.php\/wp-json\/wp\/v2\/types\/post"}],"author":[{"embeddable":true,"href":"https:\/\/www.turhalhakimiyet.com\/index.php\/wp-json\/wp\/v2\/users\/2"}],"replies":[{"embeddable":true,"href":"https:\/\/www.turhalhakimiyet.com\/index.php\/wp-json\/wp\/v2\/comments?post=309"}],"version-history":[{"count":2,"href":"https:\/\/www.turhalhakimiyet.com\/index.php\/wp-json\/wp\/v2\/posts\/309\/revisions"}],"predecessor-version":[{"id":312,"href":"https:\/\/www.turhalhakimiyet.com\/index.php\/wp-json\/wp\/v2\/posts\/309\/revisions\/312"}],"wp:featuredmedia":[{"embeddable":true,"href":"https:\/\/www.turhalhakimiyet.com\/index.php\/wp-json\/wp\/v2\/media\/313"}],"wp:attachment":[{"href":"https:\/\/www.turhalhakimiyet.com\/index.php\/wp-json\/wp\/v2\/media?parent=309"}],"wp:term":[{"taxonomy":"category","embeddable":true,"href":"https:\/\/www.turhalhakimiyet.com\/index.php\/wp-json\/wp\/v2\/categories?post=309"},{"taxonomy":"post_tag","embeddable":true,"href":"https:\/\/www.turhalhakimiyet.com\/index.php\/wp-json\/wp\/v2\/tags?post=309"}],"curies":[{"name":"wp","href":"https:\/\/api.w.org\/{rel}","templated":true}]}}