{"id":314,"date":"2022-03-08T10:57:52","date_gmt":"2022-03-08T07:57:52","guid":{"rendered":"https:\/\/www.turhalhakimiyet.com\/?p=314"},"modified":"2022-03-08T10:58:27","modified_gmt":"2022-03-08T07:58:27","slug":"tatbikatta-depremden-boyle-korundular","status":"publish","type":"post","link":"https:\/\/www.turhalhakimiyet.com\/index.php\/tatbikatta-depremden-boyle-korundular\/","title":{"rendered":"Tatbikatta depremden b\u00f6yle korundular"},"content":{"rendered":"\n<p>Tokat&#8217;ta d\u00fczenlenen deprem tatbikat\u0131nda \u00f6\u011frenciler s\u0131ralar\u0131n\u0131n yan\u0131na diz\u00fcst\u00fc \u00e7\u00f6kerek kendilerini korumaya \u00e7al\u0131\u015ft\u0131.<\/p>\n\n\n\n<p>Birinci derece deprem ku\u015fa\u011f\u0131nda yer alan Tokat&#8217;ta 1-7 Mart Deprem Haftas\u0131 dolay\u0131s\u0131 ile tatbikat d\u00fczenlendi. Fevzi \u00c7akmak Ortaokulu&#8217;nda yap\u0131lan deprem an\u0131 ve tahliye tatbikat\u0131na AFAD, UMKE, Sa\u011fl\u0131k ve itfaiye ekipleri kat\u0131ld\u0131. Senaryo gere\u011fi deprem alarm\u0131 verildi. \u00d6\u011frenciler s\u0131ralar\u0131n\u0131n yanlar\u0131nda \u00e7\u00f6melerek depremin ge\u00e7mesini bekledi. Tehlike ge\u00e7ti ikaz\u0131 ile birlikte \u00f6\u011frenciler toplanma alan\u0131nda bulu\u015ftu. Yaral\u0131 olan veya s\u0131n\u0131ftan \u00e7\u0131kamayan \u00f6\u011frenciler i\u00e7in arama kurtarma ekibi olu\u015fturuldu. Okul i\u00e7erisinde yaral\u0131 oldu\u011fu belirlenen 1 \u00f6\u011frenciye m\u00fcdahale edildi ve tahliye i\u015flemi ger\u00e7ekle\u015ftirildi Sedye ile okuldan \u00e7\u0131kart\u0131lan \u00f6\u011frenci ambulansa al\u0131nd\u0131. AFAD ekipleri \u00f6\u011frencilere deprem an\u0131nda yap\u0131lmas\u0131 gereken kurallar\u0131 anlatmas\u0131 ile son buldu.<\/p>\n\n\n\n<p>Program\u0131n sonunda Tokat Valisi Ozan Balc\u0131, Tokat Belediye Ba\u015fkan\u0131 Ey\u00fcp Ero\u011flu, AFAD \u0130l M\u00fcd\u00fcr\u00fc S\u00fcleyman Yi\u011fit \u00f6\u011frencilerle bir araya gelerek hat\u0131ra foto\u011fraf\u0131 \u00e7ektirdi.<\/p>\n","protected":false},"excerpt":{"rendered":"<p>Tokat&#8217;ta d\u00fczenlenen deprem tatbikat\u0131nda \u00f6\u011frenciler s\u0131ralar\u0131n\u0131n yan\u0131na diz\u00fcst\u00fc \u00e7\u00f6kerek kendilerini korumaya \u00e7al\u0131\u015ft\u0131. Birinci derece deprem ku\u015fa\u011f\u0131nda yer alan Tokat&#8217;ta 1-7 Mart Deprem Haftas\u0131 dolay\u0131s\u0131 ile tatbikat d\u00fczenlendi. Fevzi \u00c7akmak Ortaokulu&#8217;nda yap\u0131lan deprem an\u0131 ve tahliye tatbikat\u0131na AFAD, UMKE, Sa\u011fl\u0131k ve itfaiye ekipleri kat\u0131ld\u0131. Senaryo gere\u011fi deprem alarm\u0131 verildi. \u00d6\u011frenciler s\u0131ralar\u0131n\u0131n yanlar\u0131nda \u00e7\u00f6melerek depremin ge\u00e7mesini bekledi. [&hellip;]<\/p>\n","protected":false},"author":2,"featured_media":316,"comment_status":"open","ping_status":"open","sticky":false,"template":"","format":"standard","meta":{"footnotes":""},"categories":[1],"tags":[],"class_list":["post-314","post","type-post","status-publish","format-standard","has-post-thumbnail","hentry","category-turhal-haberleri"],"_links":{"self":[{"href":"https:\/\/www.turhalhakimiyet.com\/index.php\/wp-json\/wp\/v2\/posts\/314","targetHints":{"allow":["GET"]}}],"collection":[{"href":"https:\/\/www.turhalhakimiyet.com\/index.php\/wp-json\/wp\/v2\/posts"}],"about":[{"href":"https:\/\/www.turhalhakimiyet.com\/index.php\/wp-json\/wp\/v2\/types\/post"}],"author":[{"embeddable":true,"href":"https:\/\/www.turhalhakimiyet.com\/index.php\/wp-json\/wp\/v2\/users\/2"}],"replies":[{"embeddable":true,"href":"https:\/\/www.turhalhakimiyet.com\/index.php\/wp-json\/wp\/v2\/comments?post=314"}],"version-history":[{"count":1,"href":"https:\/\/www.turhalhakimiyet.com\/index.php\/wp-json\/wp\/v2\/posts\/314\/revisions"}],"predecessor-version":[{"id":315,"href":"https:\/\/www.turhalhakimiyet.com\/index.php\/wp-json\/wp\/v2\/posts\/314\/revisions\/315"}],"wp:featuredmedia":[{"embeddable":true,"href":"https:\/\/www.turhalhakimiyet.com\/index.php\/wp-json\/wp\/v2\/media\/316"}],"wp:attachment":[{"href":"https:\/\/www.turhalhakimiyet.com\/index.php\/wp-json\/wp\/v2\/media?parent=314"}],"wp:term":[{"taxonomy":"category","embeddable":true,"href":"https:\/\/www.turhalhakimiyet.com\/index.php\/wp-json\/wp\/v2\/categories?post=314"},{"taxonomy":"post_tag","embeddable":true,"href":"https:\/\/www.turhalhakimiyet.com\/index.php\/wp-json\/wp\/v2\/tags?post=314"}],"curies":[{"name":"wp","href":"https:\/\/api.w.org\/{rel}","templated":true}]}}