{"id":339,"date":"2022-06-07T10:39:41","date_gmt":"2022-06-07T07:39:41","guid":{"rendered":"https:\/\/www.turhalhakimiyet.com\/?p=339"},"modified":"2022-06-07T10:42:13","modified_gmt":"2022-06-07T07:42:13","slug":"tokatta-dev-cadirda-1-milyon-kitap-okuyucularla-bulustu","status":"publish","type":"post","link":"https:\/\/www.turhalhakimiyet.com\/index.php\/tokatta-dev-cadirda-1-milyon-kitap-okuyucularla-bulustu\/","title":{"rendered":"Tokat&#8217;ta dev \u00e7ad\u0131rda 1 milyon kitap okuyucularla bulu\u015ftu"},"content":{"rendered":"\n<h3 class=\"wp-block-heading\">Tokat\u2019ta 2 bin metrekarelik alanda kurulan dev \u00e7ad\u0131rda 1 milyon kitap 50 stantta 100 yay\u0131n evi taraf\u0131ndan kitapseverlerle bulu\u015fturuldu.<\/h3>\n\n\n\n<p>Tokat&#8217;ta 2 bin metrekarelik alanda kurulan dev \u00e7ad\u0131rda 1 milyon kitap 50 stantta 100 yay\u0131n evi taraf\u0131ndan kitapseverlerle bulu\u015fturuldu.<\/p>\n\n\n\n<p>Tokat Belediyesi taraf\u0131ndan 4.&#8217;s\u00fc d\u00fczenlenen kitap fuar\u0131n\u0131n a\u00e7\u0131l\u0131\u015f\u0131 t\u00f6renle yap\u0131ld\u0131. Cumhuriyet Meydan\u0131nda d\u00fczenlenen t\u00f6renin a\u00e7\u0131l\u0131\u015f konu\u015fmas\u0131n\u0131 Tokat Belediye Ba\u015fkan\u0131 Ey\u00fcp Ero\u011flu yapt\u0131. Pandemi nedeniyle 2 y\u0131ld\u0131r ara verilen kitap fuar\u0131n\u0131n yeninden kap\u0131lar\u0131n\u0131 a\u00e7t\u0131\u011f\u0131n\u0131 ifade eden Ba\u015fkan Ero\u011flu, \u201cKitap fuar\u0131 bundan sonraki y\u0131llarda da devam edece\u011fimiz, \u015fehrimizde yap\u0131lan bence en \u00f6nemli etkinliklerin ba\u015f\u0131nda geliyor. Muhakkak ki \u015fehri ihya etmek, eserler olu\u015fturmak, insanlar\u0131n i\u015flerini kolayla\u015ft\u0131rmak \u00f6nemli. Ama b\u00fct\u00fcn bunlar\u0131 yaparken bundan daha \u00f6nemli olan, insan yeti\u015ftirmeye bir f\u0131rsat olu\u015fturan ve insanlar\u0131n her anlamda donan\u0131ml\u0131 olmas\u0131na vesile olan kitap fuarlar\u0131 da de\u011ferli ve \u00f6nemli\u201d dedi.<\/p>\n\n\n\n<p>Tokat Valisi Numan Hatipo\u011flu ise kitab\u0131n medeniyetimizin en \u00f6nemli yap\u0131 ta\u015flar\u0131n\u0131n ba\u015f\u0131nda gelmekte oldu\u011funa i\u015faret ederek, \u201cBu nedenle \u00f6zellikle gen\u00e7lerimizi ve t\u00fcm halk\u0131m\u0131z\u0131 hi\u00e7bir zaman ya\u015f fark\u0131 g\u00f6zetilmeksizin ilim \u00f6\u011frenmeyi farz k\u0131lan bir dinin mensubu olarak b\u00f6yle g\u00fczel bir etkinlikte bir araya gelmekten b\u00fcy\u00fck mutluluk duyuyorum. Kitap bizi ge\u00e7mi\u015f ve gelecekle bulu\u015fturan ayn\u0131 zamanda in\u015fa eden en \u00f6nemli unsurlardan biridir. Dolay\u0131s\u0131yla kitapla bar\u0131\u015f\u0131k ve i\u00e7 i\u00e7e ya\u015famak ayn\u0131 zamanda gen\u00e7lerimizi gelece\u011fe \u00e7ok daha iyi haz\u0131rlayacak olan en \u00f6nemli etkinliklerden birisidir\u201d diye konu\u015ftu. Yap\u0131lan konu\u015fmalar\u0131n ard\u0131ndan kurdele kesilerek fuar\u0131n a\u00e7\u0131l\u0131\u015f yap\u0131ld\u0131.<\/p>\n\n\n\n<p>Hafta sonuna kadar a\u00e7\u0131k olacak olan kitap fuar\u0131nda aralar\u0131nda 100&#8217;e yak\u0131n yazar kitaplar\u0131n\u0131 imzalayarak s\u00f6yle\u015fi program\u0131 d\u00fczenleyecek.<\/p>\n","protected":false},"excerpt":{"rendered":"<p>Tokat\u2019ta 2 bin metrekarelik alanda kurulan dev \u00e7ad\u0131rda 1 milyon kitap 50 stantta 100 yay\u0131n evi taraf\u0131ndan kitapseverlerle bulu\u015fturuldu. Tokat&#8217;ta 2 bin metrekarelik alanda kurulan dev \u00e7ad\u0131rda 1 milyon kitap 50 stantta 100 yay\u0131n evi taraf\u0131ndan kitapseverlerle bulu\u015fturuldu. Tokat Belediyesi taraf\u0131ndan 4.&#8217;s\u00fc d\u00fczenlenen kitap fuar\u0131n\u0131n a\u00e7\u0131l\u0131\u015f\u0131 t\u00f6renle yap\u0131ld\u0131. Cumhuriyet Meydan\u0131nda d\u00fczenlenen t\u00f6renin a\u00e7\u0131l\u0131\u015f konu\u015fmas\u0131n\u0131 Tokat [&hellip;]<\/p>\n","protected":false},"author":2,"featured_media":342,"comment_status":"open","ping_status":"open","sticky":false,"template":"","format":"standard","meta":{"footnotes":""},"categories":[1],"tags":[],"class_list":["post-339","post","type-post","status-publish","format-standard","has-post-thumbnail","hentry","category-turhal-haberleri"],"_links":{"self":[{"href":"https:\/\/www.turhalhakimiyet.com\/index.php\/wp-json\/wp\/v2\/posts\/339","targetHints":{"allow":["GET"]}}],"collection":[{"href":"https:\/\/www.turhalhakimiyet.com\/index.php\/wp-json\/wp\/v2\/posts"}],"about":[{"href":"https:\/\/www.turhalhakimiyet.com\/index.php\/wp-json\/wp\/v2\/types\/post"}],"author":[{"embeddable":true,"href":"https:\/\/www.turhalhakimiyet.com\/index.php\/wp-json\/wp\/v2\/users\/2"}],"replies":[{"embeddable":true,"href":"https:\/\/www.turhalhakimiyet.com\/index.php\/wp-json\/wp\/v2\/comments?post=339"}],"version-history":[{"count":1,"href":"https:\/\/www.turhalhakimiyet.com\/index.php\/wp-json\/wp\/v2\/posts\/339\/revisions"}],"predecessor-version":[{"id":341,"href":"https:\/\/www.turhalhakimiyet.com\/index.php\/wp-json\/wp\/v2\/posts\/339\/revisions\/341"}],"wp:featuredmedia":[{"embeddable":true,"href":"https:\/\/www.turhalhakimiyet.com\/index.php\/wp-json\/wp\/v2\/media\/342"}],"wp:attachment":[{"href":"https:\/\/www.turhalhakimiyet.com\/index.php\/wp-json\/wp\/v2\/media?parent=339"}],"wp:term":[{"taxonomy":"category","embeddable":true,"href":"https:\/\/www.turhalhakimiyet.com\/index.php\/wp-json\/wp\/v2\/categories?post=339"},{"taxonomy":"post_tag","embeddable":true,"href":"https:\/\/www.turhalhakimiyet.com\/index.php\/wp-json\/wp\/v2\/tags?post=339"}],"curies":[{"name":"wp","href":"https:\/\/api.w.org\/{rel}","templated":true}]}}