{"id":368,"date":"2022-10-19T11:21:47","date_gmt":"2022-10-19T08:21:47","guid":{"rendered":"https:\/\/www.turhalhakimiyet.com\/?p=368"},"modified":"2022-10-19T11:21:47","modified_gmt":"2022-10-19T08:21:47","slug":"sehir-merkezinden-koyun-surusu-gecti-trafik-durdu","status":"publish","type":"post","link":"https:\/\/www.turhalhakimiyet.com\/index.php\/sehir-merkezinden-koyun-surusu-gecti-trafik-durdu\/","title":{"rendered":"\u015eehir merkezinden koyun s\u00fcr\u00fcs\u00fc ge\u00e7ti, trafik durdu"},"content":{"rendered":"\n<p>\u00a0Tokat&#8217;ta yayladan d\u00f6nen koyun s\u00fcr\u00fcs\u00fcn\u00fcn ana caddeden ge\u00e7i\u015fi s\u0131ras\u0131nda k\u0131sa s\u00fcreli trafik durdu.<br>Sivas&#8217;\u0131n Dumanl\u0131 yaylas\u0131nda yaz\u0131 ge\u00e7iren koyun s\u00fcr\u00fcs\u00fc sonbahar ile birlikte Tokat&#8217;a d\u00f6n\u00fc\u015f yoluna ge\u00e7ti. Yakla\u015f\u0131k 6 g\u00fcnde kente ula\u015fan s\u00fcr\u00fc tarihi Behzat Bulvar\u0131&#8217;ndan ge\u00e7ti. \u00c7oban\u0131n arkas\u0131ndan y\u00fczlerce koyunun caddede ilerlemesi ilgin\u00e7 g\u00f6r\u00fcnt\u00fcler olu\u015fturdu. Cumhuriyet Meydan\u0131 Gaziosmanpa\u015fa Bulvar\u0131ndan koyun s\u00fcr\u00fcs\u00fcn\u00fcn kar\u015f\u0131 tarafa ge\u00e7i\u015fi s\u0131ras\u0131nda polis ekipleri trafi\u011fi durdurdu. Koyunlara yol veren s\u00fcr\u00fcc\u00fcler bir s\u00fcre s\u00fcr\u00fcn\u00fcn ilerlemesini bekledi. Yoldan kar\u015f\u0131 y\u00f6ne ge\u00e7en s\u00fcr\u00fc a\u011f\u0131l\u0131n yolunu tuttu. Hayvanc\u0131l\u0131k yapan Burak Altunta\u015f, sonbaharla birlikte yayladan k\u00f6ye g\u00f6\u00e7\u00fcn ba\u015flad\u0131\u011f\u0131n\u0131 s\u00f6yledi. Tokat&#8217;ta al\u0131\u015f\u0131la gelmi\u015f olan manzaran\u0131n her y\u0131l ya\u015fand\u0131\u011f\u0131n\u0131 belirten Altunta\u015f, yorucu ge\u00e7en yolculu\u011fun ard\u0131ndan s\u00fcr\u00fcn\u00fcn \u015fehre ula\u015ft\u0131\u011f\u0131n\u0131 belirtti.<\/p>\n","protected":false},"excerpt":{"rendered":"<p>\u00a0Tokat&#8217;ta yayladan d\u00f6nen koyun s\u00fcr\u00fcs\u00fcn\u00fcn ana caddeden ge\u00e7i\u015fi s\u0131ras\u0131nda k\u0131sa s\u00fcreli trafik durdu.Sivas&#8217;\u0131n Dumanl\u0131 yaylas\u0131nda yaz\u0131 ge\u00e7iren koyun s\u00fcr\u00fcs\u00fc sonbahar ile birlikte Tokat&#8217;a d\u00f6n\u00fc\u015f yoluna ge\u00e7ti. Yakla\u015f\u0131k 6 g\u00fcnde kente ula\u015fan s\u00fcr\u00fc tarihi Behzat Bulvar\u0131&#8217;ndan ge\u00e7ti. \u00c7oban\u0131n arkas\u0131ndan y\u00fczlerce koyunun caddede ilerlemesi ilgin\u00e7 g\u00f6r\u00fcnt\u00fcler olu\u015fturdu. Cumhuriyet Meydan\u0131 Gaziosmanpa\u015fa Bulvar\u0131ndan koyun s\u00fcr\u00fcs\u00fcn\u00fcn kar\u015f\u0131 tarafa ge\u00e7i\u015fi s\u0131ras\u0131nda [&hellip;]<\/p>\n","protected":false},"author":2,"featured_media":369,"comment_status":"open","ping_status":"open","sticky":false,"template":"","format":"standard","meta":{"footnotes":""},"categories":[1],"tags":[],"class_list":["post-368","post","type-post","status-publish","format-standard","has-post-thumbnail","hentry","category-turhal-haberleri"],"_links":{"self":[{"href":"https:\/\/www.turhalhakimiyet.com\/index.php\/wp-json\/wp\/v2\/posts\/368","targetHints":{"allow":["GET"]}}],"collection":[{"href":"https:\/\/www.turhalhakimiyet.com\/index.php\/wp-json\/wp\/v2\/posts"}],"about":[{"href":"https:\/\/www.turhalhakimiyet.com\/index.php\/wp-json\/wp\/v2\/types\/post"}],"author":[{"embeddable":true,"href":"https:\/\/www.turhalhakimiyet.com\/index.php\/wp-json\/wp\/v2\/users\/2"}],"replies":[{"embeddable":true,"href":"https:\/\/www.turhalhakimiyet.com\/index.php\/wp-json\/wp\/v2\/comments?post=368"}],"version-history":[{"count":1,"href":"https:\/\/www.turhalhakimiyet.com\/index.php\/wp-json\/wp\/v2\/posts\/368\/revisions"}],"predecessor-version":[{"id":370,"href":"https:\/\/www.turhalhakimiyet.com\/index.php\/wp-json\/wp\/v2\/posts\/368\/revisions\/370"}],"wp:featuredmedia":[{"embeddable":true,"href":"https:\/\/www.turhalhakimiyet.com\/index.php\/wp-json\/wp\/v2\/media\/369"}],"wp:attachment":[{"href":"https:\/\/www.turhalhakimiyet.com\/index.php\/wp-json\/wp\/v2\/media?parent=368"}],"wp:term":[{"taxonomy":"category","embeddable":true,"href":"https:\/\/www.turhalhakimiyet.com\/index.php\/wp-json\/wp\/v2\/categories?post=368"},{"taxonomy":"post_tag","embeddable":true,"href":"https:\/\/www.turhalhakimiyet.com\/index.php\/wp-json\/wp\/v2\/tags?post=368"}],"curies":[{"name":"wp","href":"https:\/\/api.w.org\/{rel}","templated":true}]}}