{"id":371,"date":"2022-10-19T11:25:26","date_gmt":"2022-10-19T08:25:26","guid":{"rendered":"https:\/\/www.turhalhakimiyet.com\/?p=371"},"modified":"2022-10-19T11:25:26","modified_gmt":"2022-10-19T08:25:26","slug":"okulun-temel-kazisinda-ortaya-cikmisti-tahrip-edildi","status":"publish","type":"post","link":"https:\/\/www.turhalhakimiyet.com\/index.php\/okulun-temel-kazisinda-ortaya-cikmisti-tahrip-edildi\/","title":{"rendered":"Okulun temel kaz\u0131s\u0131nda ortaya \u00e7\u0131km\u0131\u015ft\u0131, tahrip edildi"},"content":{"rendered":"\n<p>Tokat\u2019ta bir okulun temel kaz\u0131s\u0131 s\u0131ras\u0131nda ortaya \u00e7\u0131kan tarihi yap\u0131lar tahrip edildi.<br>Tokat\u2019ta depreme dayan\u0131ks\u0131z oldu\u011fu tespit edilen Atat\u00fcrk Lisesi bo\u015falt\u0131larak, i\u015f makineleri taraf\u0131ndan y\u0131k\u0131ld\u0131. Yeni okul yap\u0131lmas\u0131 i\u00e7in ba\u015flat\u0131lan temel kaz\u0131s\u0131 s\u0131ras\u0131nda tarihi kal\u0131nt\u0131lara rastland\u0131. Bunun \u00fczerine in\u015faat \u00e7al\u0131\u015fmalar\u0131 durdurularak, Tokat M\u00fczesi taraf\u0131ndan \u00e7al\u0131\u015fma yap\u0131ld\u0131. Kaz\u0131 \u00e7al\u0131\u015fmalar\u0131nda eski bir yap\u0131n\u0131n duvar\u0131nda ha\u00e7 i\u015fareti olan ta\u015f bulundu. Ayr\u0131ca bir oda b\u00fcy\u00fckl\u00fc\u011f\u00fcnde bir yap\u0131 ile su tahliyeye sistemi g\u00fcn y\u00fcz\u00fcne \u00e7\u0131kt\u0131. Yakla\u015f\u0131k 4 ay \u00f6nce kaz\u0131 \u00e7al\u0131\u015fmalar\u0131 durduruldu. Sultan II. Beyaz\u0131t\u2019\u0131n Hazinedar Ba\u015f\u0131s\u0131 Firuz A\u011fa taraf\u0131ndan H. 890 (M.1485) tarihinde yapt\u0131r\u0131lan Tahtakale Hamam\u0131\u2019na ait oldu\u011fu tahmin edilen kal\u0131nt\u0131lar\u0131n oldu\u011fu alan ise korumas\u0131z kald\u0131. Kaz\u0131n\u0131n yap\u0131ld\u0131\u011f\u0131 alana giren ki\u015fi veya ki\u015filerce su tahliye sisteminin bir b\u00f6l\u00fcm\u00fcn k\u0131r\u0131larak tahrip edildi. Ha\u00e7 i\u015fareti olan ta\u015f\u0131n ise m\u00fcze m\u00fcd\u00fcrl\u00fc\u011f\u00fc yetkilileri taraf\u0131ndan bulundu\u011fu yerden al\u0131narak korumaya al\u0131nd\u0131\u011f\u0131 \u00f6\u011frenildi.<\/p>\n\n\n\n<p>Vatanda\u015flar \u00f6nlem al\u0131nmas\u0131n\u0131 istiyor<br>\u00c7ok say\u0131da kemik par\u00e7as\u0131n\u0131n \u00e7evreye sa\u00e7\u0131ld\u0131\u011f\u0131 b\u00f6lgede vatanda\u015flar \u00f6nlem al\u0131nmas\u0131n\u0131 istiyor. Mahalle sakinlerinden Hasan Demir, y\u0131k\u0131lan okulun bulundu\u011fu alan\u0131n viraneye d\u00f6nd\u00fc\u011f\u00fcn\u00fc s\u00f6yledi. Kaz\u0131 yap\u0131lan alan\u0131n etraf\u0131n\u0131n a\u00e7\u0131k b\u0131rak\u0131larak herhangi bir \u00f6nlem al\u0131nmad\u0131\u011f\u0131n\u0131 belirten Demir, &#8220;Buran\u0131n ne olaca\u011f\u0131 belli de\u011fil. Kaz\u0131 yap\u0131l\u0131p b\u0131rak\u0131ld\u0131, ak\u0131betini bilemiyoruz. Etraf\u0131na g\u00fcvenlik \u015feridi \u00e7ekilmi\u015fti. Onlar da zamanla koptu, \u00e7ocuklar buraya girip \u00e7\u0131k\u0131yor. Buras\u0131 \u00e7\u00f6p y\u0131\u011f\u0131n\u0131 gibi oldu kald\u0131. Biran \u00f6nce ne yap\u0131lmas\u0131 gerekiyorsa yap\u0131lmas\u0131n\u0131 istiyoruz&#8221; dedi.<br>\u00d6te yandan, a\u00e7\u0131k hava m\u00fczesine d\u00f6n\u00fc\u015ft\u00fcr\u00fclmesi planlanan alan\u0131n Milli E\u011fitim M\u00fcd\u00fcrl\u00fc\u011f\u00fcnden M\u00fcze M\u00fcd\u00fcrl\u00fc\u011f\u00fcne tahsis edilmesi bekleniyor.<\/p>\n","protected":false},"excerpt":{"rendered":"<p>Tokat\u2019ta bir okulun temel kaz\u0131s\u0131 s\u0131ras\u0131nda ortaya \u00e7\u0131kan tarihi yap\u0131lar tahrip edildi.Tokat\u2019ta depreme dayan\u0131ks\u0131z oldu\u011fu tespit edilen Atat\u00fcrk Lisesi bo\u015falt\u0131larak, i\u015f makineleri taraf\u0131ndan y\u0131k\u0131ld\u0131. Yeni okul yap\u0131lmas\u0131 i\u00e7in ba\u015flat\u0131lan temel kaz\u0131s\u0131 s\u0131ras\u0131nda tarihi kal\u0131nt\u0131lara rastland\u0131. Bunun \u00fczerine in\u015faat \u00e7al\u0131\u015fmalar\u0131 durdurularak, Tokat M\u00fczesi taraf\u0131ndan \u00e7al\u0131\u015fma yap\u0131ld\u0131. Kaz\u0131 \u00e7al\u0131\u015fmalar\u0131nda eski bir yap\u0131n\u0131n duvar\u0131nda ha\u00e7 i\u015fareti olan ta\u015f [&hellip;]<\/p>\n","protected":false},"author":2,"featured_media":372,"comment_status":"open","ping_status":"open","sticky":false,"template":"","format":"standard","meta":{"footnotes":""},"categories":[1],"tags":[],"class_list":["post-371","post","type-post","status-publish","format-standard","has-post-thumbnail","hentry","category-turhal-haberleri"],"_links":{"self":[{"href":"https:\/\/www.turhalhakimiyet.com\/index.php\/wp-json\/wp\/v2\/posts\/371","targetHints":{"allow":["GET"]}}],"collection":[{"href":"https:\/\/www.turhalhakimiyet.com\/index.php\/wp-json\/wp\/v2\/posts"}],"about":[{"href":"https:\/\/www.turhalhakimiyet.com\/index.php\/wp-json\/wp\/v2\/types\/post"}],"author":[{"embeddable":true,"href":"https:\/\/www.turhalhakimiyet.com\/index.php\/wp-json\/wp\/v2\/users\/2"}],"replies":[{"embeddable":true,"href":"https:\/\/www.turhalhakimiyet.com\/index.php\/wp-json\/wp\/v2\/comments?post=371"}],"version-history":[{"count":1,"href":"https:\/\/www.turhalhakimiyet.com\/index.php\/wp-json\/wp\/v2\/posts\/371\/revisions"}],"predecessor-version":[{"id":373,"href":"https:\/\/www.turhalhakimiyet.com\/index.php\/wp-json\/wp\/v2\/posts\/371\/revisions\/373"}],"wp:featuredmedia":[{"embeddable":true,"href":"https:\/\/www.turhalhakimiyet.com\/index.php\/wp-json\/wp\/v2\/media\/372"}],"wp:attachment":[{"href":"https:\/\/www.turhalhakimiyet.com\/index.php\/wp-json\/wp\/v2\/media?parent=371"}],"wp:term":[{"taxonomy":"category","embeddable":true,"href":"https:\/\/www.turhalhakimiyet.com\/index.php\/wp-json\/wp\/v2\/categories?post=371"},{"taxonomy":"post_tag","embeddable":true,"href":"https:\/\/www.turhalhakimiyet.com\/index.php\/wp-json\/wp\/v2\/tags?post=371"}],"curies":[{"name":"wp","href":"https:\/\/api.w.org\/{rel}","templated":true}]}}