{"id":383,"date":"2022-12-27T14:18:36","date_gmt":"2022-12-27T11:18:36","guid":{"rendered":"https:\/\/www.turhalhakimiyet.com\/?p=383"},"modified":"2022-12-27T14:18:36","modified_gmt":"2022-12-27T11:18:36","slug":"tokatta-otomobil-ucuruma-devrildi-yaralilar-guclukle-kurtarildi","status":"publish","type":"post","link":"https:\/\/www.turhalhakimiyet.com\/index.php\/tokatta-otomobil-ucuruma-devrildi-yaralilar-guclukle-kurtarildi\/","title":{"rendered":"Tokat&#8217;ta otomobil u\u00e7uruma devrildi, yaral\u0131lar g\u00fc\u00e7l\u00fckle kurtar\u0131ld\u0131"},"content":{"rendered":"\n<p>Tokat&#8217;\u0131n Erbaa il\u00e7esinde u\u00e7uruma yuvarlanan otomobilde bulunan 3 ki\u015fi g\u00fc\u00e7l\u00fckle kurtar\u0131ld\u0131.<\/p>\n\n\n\n<p>Edinilen bilgiye g\u00f6re, kaza, Erbaa il\u00e7esine ba\u011f\u0131 Ustamehmet k\u00f6y\u00fcnde meydana geldi. E.E. idaresindeki 38 ST 290 plakal\u0131 otomobil s\u00fcr\u00fcc\u00fcs\u00fcn\u00fcn direksiyon hakimiyetini kaybetmesi sonucu \u015farampole yuvarland\u0131. Kazada s\u00fcr\u00fcc\u00fc ile birlikte M.P. ve M.Y. yaraland\u0131. Yaral\u0131lar olay yerine sevk edilen Erbaa Belediyesi itfaiye, sa\u011fl\u0131k ekipleri ve vatanda\u015flar\u0131n yard\u0131m\u0131 ile kurtar\u0131ld\u0131. Kazan\u0131n ya\u015fand\u0131\u011f\u0131 yerin olduk\u00e7a dik olmas\u0131 ekiplerin i\u015fini zorla\u015ft\u0131rd\u0131. Halat yard\u0131m\u0131 ile ekipler yaral\u0131lar\u0131 ambulansa ula\u015ft\u0131rd\u0131. Kazayla ilgili inceleme ba\u015flat\u0131ld\u0131.<\/p>\n","protected":false},"excerpt":{"rendered":"<p>Tokat&#8217;\u0131n Erbaa il\u00e7esinde u\u00e7uruma yuvarlanan otomobilde bulunan 3 ki\u015fi g\u00fc\u00e7l\u00fckle kurtar\u0131ld\u0131. Edinilen bilgiye g\u00f6re, kaza, Erbaa il\u00e7esine ba\u011f\u0131 Ustamehmet k\u00f6y\u00fcnde meydana geldi. E.E. idaresindeki 38 ST 290 plakal\u0131 otomobil s\u00fcr\u00fcc\u00fcs\u00fcn\u00fcn direksiyon hakimiyetini kaybetmesi sonucu \u015farampole yuvarland\u0131. Kazada s\u00fcr\u00fcc\u00fc ile birlikte M.P. ve M.Y. yaraland\u0131. Yaral\u0131lar olay yerine sevk edilen Erbaa Belediyesi itfaiye, sa\u011fl\u0131k ekipleri ve [&hellip;]<\/p>\n","protected":false},"author":2,"featured_media":384,"comment_status":"open","ping_status":"open","sticky":false,"template":"","format":"standard","meta":{"footnotes":""},"categories":[1],"tags":[],"class_list":["post-383","post","type-post","status-publish","format-standard","has-post-thumbnail","hentry","category-turhal-haberleri"],"_links":{"self":[{"href":"https:\/\/www.turhalhakimiyet.com\/index.php\/wp-json\/wp\/v2\/posts\/383","targetHints":{"allow":["GET"]}}],"collection":[{"href":"https:\/\/www.turhalhakimiyet.com\/index.php\/wp-json\/wp\/v2\/posts"}],"about":[{"href":"https:\/\/www.turhalhakimiyet.com\/index.php\/wp-json\/wp\/v2\/types\/post"}],"author":[{"embeddable":true,"href":"https:\/\/www.turhalhakimiyet.com\/index.php\/wp-json\/wp\/v2\/users\/2"}],"replies":[{"embeddable":true,"href":"https:\/\/www.turhalhakimiyet.com\/index.php\/wp-json\/wp\/v2\/comments?post=383"}],"version-history":[{"count":1,"href":"https:\/\/www.turhalhakimiyet.com\/index.php\/wp-json\/wp\/v2\/posts\/383\/revisions"}],"predecessor-version":[{"id":385,"href":"https:\/\/www.turhalhakimiyet.com\/index.php\/wp-json\/wp\/v2\/posts\/383\/revisions\/385"}],"wp:featuredmedia":[{"embeddable":true,"href":"https:\/\/www.turhalhakimiyet.com\/index.php\/wp-json\/wp\/v2\/media\/384"}],"wp:attachment":[{"href":"https:\/\/www.turhalhakimiyet.com\/index.php\/wp-json\/wp\/v2\/media?parent=383"}],"wp:term":[{"taxonomy":"category","embeddable":true,"href":"https:\/\/www.turhalhakimiyet.com\/index.php\/wp-json\/wp\/v2\/categories?post=383"},{"taxonomy":"post_tag","embeddable":true,"href":"https:\/\/www.turhalhakimiyet.com\/index.php\/wp-json\/wp\/v2\/tags?post=383"}],"curies":[{"name":"wp","href":"https:\/\/api.w.org\/{rel}","templated":true}]}}