{"id":386,"date":"2022-12-27T14:23:24","date_gmt":"2022-12-27T11:23:24","guid":{"rendered":"https:\/\/www.turhalhakimiyet.com\/?p=386"},"modified":"2022-12-27T14:23:24","modified_gmt":"2022-12-27T11:23:24","slug":"30-metreden-baraj-yatagina-ucan-otomobil-sabah-fark-edildi-1-olu","status":"publish","type":"post","link":"https:\/\/www.turhalhakimiyet.com\/index.php\/30-metreden-baraj-yatagina-ucan-otomobil-sabah-fark-edildi-1-olu\/","title":{"rendered":"30 metreden baraj yata\u011f\u0131na u\u00e7an otomobil sabah fark edildi: 1 \u00f6l\u00fc"},"content":{"rendered":"\n<p>Tokat&#8217;ta gece meydana gelen kaza sabah saatlerinde fark edildi. Kazada, viraj\u0131 alamayarak baraj yata\u011f\u0131na yuvarlanan otomobilde bulunan 1 ki\u015fi hayat\u0131n\u0131 kaybetti.<\/p>\n\n\n\n<p>Edinilen bilgiye g\u00f6re, kaza, Tokat&#8217;\u0131n Almus il\u00e7esi \u00c7evreli beldesinin 2. kilometresinde meydana geldi. Muammer \u0130\u00e7er (52) idaresindeki 41 AKE 189 plakal\u0131 otomobil gece saatlerinde s\u00fcr\u00fcc\u00fcs\u00fcn\u00fcn direksiyon hakimiyetini kaybetmesi sonucu kontrolden \u00e7\u0131kt\u0131. Otomobil yakla\u015f\u0131k 30 metre y\u00fckseklikten baraj yata\u011fana u\u00e7tu. Yak\u0131nlar\u0131ndan haber alamayanlar \u00e7evrede arama yapt\u0131. Sabah saatlerinde yoldan ge\u00e7en bir vatanda\u015f kaza yapan otomobili fark ederek ihbarda bulundu. B\u00f6lgeye kurtarma ve sa\u011fl\u0131k ekipleri sevk edildi. 112 ekipleri \u015fahs\u0131n hayat\u0131n\u0131 kaybetti\u011fini tespit etti. \u015eahs\u0131n cenazesi otopsi yap\u0131lmak \u00fczere Tokat Devlet Hastanesi morguna kald\u0131r\u0131ld\u0131. Kazada hayat\u0131n\u0131 kaybeden Muammer \u0130\u00e7er&#8217;in (52) \u0130stanbul&#8217;dan Tokat&#8217;a bir yak\u0131n\u0131n cenazesine geldi\u011fi \u00f6\u011frenildi.<\/p>\n\n\n\n<p>Olay yerinde incelemelerde bulunan Almus Kaymakam\u0131 Tar\u0131k Bu\u011fra Seyhan, 00.57 saatlerinde otomobilin PTS kay\u0131tlar\u0131ndan ge\u00e7ti\u011finin g\u00f6r\u00fcld\u00fc\u011f\u00fcn\u00fc, muhtemelen 5 dakika sonra kaza yapm\u0131\u015f oldu\u011funu de\u011ferlendirdiklerini s\u00f6yledi. \u015eahs\u0131n otomobille viraj\u0131 alamayarak u\u00e7urama d\u00fc\u015fm\u00fc\u015f oldu\u011funu ifade eden Kaymakam Seyhan, \u201cSabah saatlerinde yoldan ge\u00e7enler kaza yapan arac\u0131 g\u00f6rerek ihbar etmi\u015f. Ekiplerimiz olaya m\u00fcdahale etti. Cenaze ara\u00e7tan \u00e7\u0131kart\u0131larak hastaneye g\u00f6t\u00fcr\u00fcld\u00fc. Yak\u0131nlar\u0131n\u0131n ba\u015f\u0131 sa\u011f olsun\u201d dedi.<\/p>\n\n\n\n<p>Cenaze yak\u0131nlar\u0131ndan H\u00fcseyin Y\u00fccel ise yollar\u0131n keskin virajl\u0131 olmas\u0131 nedeni ile bir\u00e7ok kazan\u0131n ya\u015fand\u0131\u011f\u0131n\u0131 s\u00f6yledi. Ba\u015fka kazalar\u0131n ya\u015fanmamas\u0131 i\u00e7in Almus Baraj\u0131 \u00fczerine k\u00f6pr\u00fc yap\u0131lmas\u0131n\u0131 istediklerini belirten Y\u00fccel, bu anlamda yetkililerden duyarl\u0131l\u0131k beklediklerini ifade etti.<\/p>\n","protected":false},"excerpt":{"rendered":"<p>Tokat&#8217;ta gece meydana gelen kaza sabah saatlerinde fark edildi. Kazada, viraj\u0131 alamayarak baraj yata\u011f\u0131na yuvarlanan otomobilde bulunan 1 ki\u015fi hayat\u0131n\u0131 kaybetti. Edinilen bilgiye g\u00f6re, kaza, Tokat&#8217;\u0131n Almus il\u00e7esi \u00c7evreli beldesinin 2. kilometresinde meydana geldi. Muammer \u0130\u00e7er (52) idaresindeki 41 AKE 189 plakal\u0131 otomobil gece saatlerinde s\u00fcr\u00fcc\u00fcs\u00fcn\u00fcn direksiyon hakimiyetini kaybetmesi sonucu kontrolden \u00e7\u0131kt\u0131. Otomobil yakla\u015f\u0131k 30 [&hellip;]<\/p>\n","protected":false},"author":2,"featured_media":387,"comment_status":"open","ping_status":"open","sticky":false,"template":"","format":"standard","meta":{"footnotes":""},"categories":[1],"tags":[],"class_list":["post-386","post","type-post","status-publish","format-standard","has-post-thumbnail","hentry","category-turhal-haberleri"],"_links":{"self":[{"href":"https:\/\/www.turhalhakimiyet.com\/index.php\/wp-json\/wp\/v2\/posts\/386","targetHints":{"allow":["GET"]}}],"collection":[{"href":"https:\/\/www.turhalhakimiyet.com\/index.php\/wp-json\/wp\/v2\/posts"}],"about":[{"href":"https:\/\/www.turhalhakimiyet.com\/index.php\/wp-json\/wp\/v2\/types\/post"}],"author":[{"embeddable":true,"href":"https:\/\/www.turhalhakimiyet.com\/index.php\/wp-json\/wp\/v2\/users\/2"}],"replies":[{"embeddable":true,"href":"https:\/\/www.turhalhakimiyet.com\/index.php\/wp-json\/wp\/v2\/comments?post=386"}],"version-history":[{"count":1,"href":"https:\/\/www.turhalhakimiyet.com\/index.php\/wp-json\/wp\/v2\/posts\/386\/revisions"}],"predecessor-version":[{"id":388,"href":"https:\/\/www.turhalhakimiyet.com\/index.php\/wp-json\/wp\/v2\/posts\/386\/revisions\/388"}],"wp:featuredmedia":[{"embeddable":true,"href":"https:\/\/www.turhalhakimiyet.com\/index.php\/wp-json\/wp\/v2\/media\/387"}],"wp:attachment":[{"href":"https:\/\/www.turhalhakimiyet.com\/index.php\/wp-json\/wp\/v2\/media?parent=386"}],"wp:term":[{"taxonomy":"category","embeddable":true,"href":"https:\/\/www.turhalhakimiyet.com\/index.php\/wp-json\/wp\/v2\/categories?post=386"},{"taxonomy":"post_tag","embeddable":true,"href":"https:\/\/www.turhalhakimiyet.com\/index.php\/wp-json\/wp\/v2\/tags?post=386"}],"curies":[{"name":"wp","href":"https:\/\/api.w.org\/{rel}","templated":true}]}}