{"id":398,"date":"2023-01-31T13:40:59","date_gmt":"2023-01-31T10:40:59","guid":{"rendered":"https:\/\/www.turhalhakimiyet.com\/?p=398"},"modified":"2023-01-31T13:40:59","modified_gmt":"2023-01-31T10:40:59","slug":"vali-numan-hatipoglu-guzelbeyli-koyunde-duzenlenen-ceme-katildi","status":"publish","type":"post","link":"https:\/\/www.turhalhakimiyet.com\/index.php\/vali-numan-hatipoglu-guzelbeyli-koyunde-duzenlenen-ceme-katildi\/","title":{"rendered":"Vali Numan Hatipo\u011flu G\u00fczelbeyli K\u00f6y\u00fc\u2019nde D\u00fczenlenen Cem\u2019e Kat\u0131ld\u0131"},"content":{"rendered":"\n<p>Vali Numan Hatipo\u011flu, Zile\u2019nin G\u00fczelbeyli K\u00f6y\u00fc\u2019nde d\u00fczenlenen Cem\u2019e kat\u0131larak vatanda\u015flarla bir araya geldi. &nbsp;<\/p>\n\n\n\n<p>Cem\u2019in ard\u0131ndan vatanda\u015flar\u0131n istek ve taleplerini dinleyen Vali Hatipo\u011flu, T\u00fcrk boylar\u0131na \u0130slamiyet&#8217;i anlatmas\u0131 ve dini-tasavvufi T\u00fcrk edebiyat\u0131n\u0131n temellerini atmas\u0131yla \u00f6ne \u00e7\u0131kan bir \u015fahsiyet olan Hoca Ahmet Yesevi\u2019nin Orta Asya\u2019dan f\u0131rlatt\u0131\u011f\u0131 me\u015falenin sadece Asya\u2019ya de\u011fil, Anadolu\u2019nun her taraf\u0131na&nbsp;Balkanlar\u2019a ula\u015ft\u0131\u011f\u0131n\u0131 s\u00f6yledi.&nbsp;<\/p>\n\n\n\n<p>O me\u015falenin &nbsp;ayn\u0131 burada oldu\u011fu gibi pek \u00e7ok yerde yank\u0131lan\u0131p seda buldu\u011funu\u0131 ifade eden Vali Hatipo\u011flu, \u201cBizim Orta Asya\u2019dan gelen s\u00f6zlerimiz M\u00fcsl\u00fcman olmam\u0131zdan 80 y\u0131l \u00f6nce ortaya \u00e7\u0131km\u0131\u015f o b\u00fcy\u00fck elim olay\u0131 ayn\u0131 zamanda hem Allah dostu hem de onun Ehli Beyti\u2019ne olan muhabbeti her zaman dile getiren deyi\u015fler olmu\u015ftur. Hepsi &nbsp;birbirinden anlaml\u0131 mesajlar. Anadolu\u2019yu &nbsp;Anadolu yapan sizlersiniz.Hac\u0131 Bekta\u015fi Veli\u2019nin ifade etti\u011fi gibi \u201cBir olal\u0131m, iri olal\u0131m, diri olal\u0131m.\u201d Bizler de sadece T\u00fcrkiye Cumhuriyeti devletinin s\u0131n\u0131rlar\u0131 alt\u0131nda de\u011fil, t\u00fcm d\u00fcnyada milletimizi var etmek, payidar etmek i\u00e7in &nbsp;sizlerin dualar\u0131na, gayretine ve g\u00fcc\u00fcne ihtiya\u00e7 hissediyoruz. Bu anlamda bizler, sizler i\u00e7in gayret i\u00e7inde \u00e7al\u0131\u015fmaya devam edece\u011fiz in\u015fallah. Allah birli\u011fimizi bozmas\u0131n diye dua ediyoruz. \u00c7\u00fcnk\u00fc zaafa d\u00fc\u015ft\u00fc\u011f\u00fcm\u00fcz anda bizi bu co\u011frafyalardan s\u00fcrmeye \u00e7al\u0131\u015fan d\u00fc\u015fmanlar hala beklemekteler. &nbsp;Bunlar bazen \u0130sve\u00e7\u2019te Kur\u2019an yakmaya \u00e7al\u0131\u015f\u0131rken ortaya \u00e7\u0131k\u0131yor. Bazen ba\u015fka yerlerde ba\u015fka \u015fekillerde ortaya \u00e7\u0131k\u0131yor. En b\u00fcy\u00fck sebep T\u00fcrkiye Cumhuriyeti devletinin mazlumlar\u0131n yan\u0131nda yer alma g\u00fcc\u00fcne sahip olmas\u0131n\u0131 istemeyi\u015flerinden kaynaklan\u0131yor.&nbsp;<\/p>\n\n\n\n<p>Burada ortaya \u00e7\u0131kan g\u00fc\u00e7 birli\u011fi, karde\u015flik, dostluk hepimizin gayretleriyle \u00fclkemizin her taraf\u0131nda daim olsun in\u015fallah. Sizlerle bir arada olmaktan dolay\u0131 b\u00fcy\u00fck bir mutluluk duydu\u011fumu ifade etmek istiyorum. Her \u015feyin ba\u015f\u0131 birlik ve beraberlik. \u201c diye konu\u015ftu.<\/p>\n\n\n\n<p>Daha sonra vatanda\u015flar\u0131n talep ve \u00f6nerilerini &nbsp;dinleyen Vali Hatipo\u011flu, k\u00f6yleri daha ya\u015fanabilir ve ma\u011frur hale getirmek i\u00e7in devletin var g\u00fcc\u00fcyle \u00e7al\u0131\u015ft\u0131\u011f\u0131n\u0131 s\u00f6yledi.&nbsp;<\/p>\n\n\n\n<p>Programa Zile Kaymakam\u0131 &nbsp;Mehmet Ali Aky\u00fcz ve \u00e7ok say\u0131da vatanda\u015f kat\u0131ld\u0131.&nbsp;<\/p>\n\n\n\n<p><\/p>\n","protected":false},"excerpt":{"rendered":"<p>Vali Numan Hatipo\u011flu, Zile\u2019nin G\u00fczelbeyli K\u00f6y\u00fc\u2019nde d\u00fczenlenen Cem\u2019e kat\u0131larak vatanda\u015flarla bir araya geldi. &nbsp; Cem\u2019in ard\u0131ndan vatanda\u015flar\u0131n istek ve taleplerini dinleyen Vali Hatipo\u011flu, T\u00fcrk boylar\u0131na \u0130slamiyet&#8217;i anlatmas\u0131 ve dini-tasavvufi T\u00fcrk edebiyat\u0131n\u0131n temellerini atmas\u0131yla \u00f6ne \u00e7\u0131kan bir \u015fahsiyet olan Hoca Ahmet Yesevi\u2019nin Orta Asya\u2019dan f\u0131rlatt\u0131\u011f\u0131 me\u015falenin sadece Asya\u2019ya de\u011fil, Anadolu\u2019nun her taraf\u0131na&nbsp;Balkanlar\u2019a ula\u015ft\u0131\u011f\u0131n\u0131 s\u00f6yledi.&nbsp; O me\u015falenin [&hellip;]<\/p>\n","protected":false},"author":2,"featured_media":399,"comment_status":"open","ping_status":"open","sticky":false,"template":"","format":"standard","meta":{"footnotes":""},"categories":[1],"tags":[],"class_list":["post-398","post","type-post","status-publish","format-standard","has-post-thumbnail","hentry","category-turhal-haberleri"],"_links":{"self":[{"href":"https:\/\/www.turhalhakimiyet.com\/index.php\/wp-json\/wp\/v2\/posts\/398","targetHints":{"allow":["GET"]}}],"collection":[{"href":"https:\/\/www.turhalhakimiyet.com\/index.php\/wp-json\/wp\/v2\/posts"}],"about":[{"href":"https:\/\/www.turhalhakimiyet.com\/index.php\/wp-json\/wp\/v2\/types\/post"}],"author":[{"embeddable":true,"href":"https:\/\/www.turhalhakimiyet.com\/index.php\/wp-json\/wp\/v2\/users\/2"}],"replies":[{"embeddable":true,"href":"https:\/\/www.turhalhakimiyet.com\/index.php\/wp-json\/wp\/v2\/comments?post=398"}],"version-history":[{"count":1,"href":"https:\/\/www.turhalhakimiyet.com\/index.php\/wp-json\/wp\/v2\/posts\/398\/revisions"}],"predecessor-version":[{"id":400,"href":"https:\/\/www.turhalhakimiyet.com\/index.php\/wp-json\/wp\/v2\/posts\/398\/revisions\/400"}],"wp:featuredmedia":[{"embeddable":true,"href":"https:\/\/www.turhalhakimiyet.com\/index.php\/wp-json\/wp\/v2\/media\/399"}],"wp:attachment":[{"href":"https:\/\/www.turhalhakimiyet.com\/index.php\/wp-json\/wp\/v2\/media?parent=398"}],"wp:term":[{"taxonomy":"category","embeddable":true,"href":"https:\/\/www.turhalhakimiyet.com\/index.php\/wp-json\/wp\/v2\/categories?post=398"},{"taxonomy":"post_tag","embeddable":true,"href":"https:\/\/www.turhalhakimiyet.com\/index.php\/wp-json\/wp\/v2\/tags?post=398"}],"curies":[{"name":"wp","href":"https:\/\/api.w.org\/{rel}","templated":true}]}}