{"id":401,"date":"2023-01-31T13:45:29","date_gmt":"2023-01-31T10:45:29","guid":{"rendered":"https:\/\/www.turhalhakimiyet.com\/?p=401"},"modified":"2023-01-31T13:45:29","modified_gmt":"2023-01-31T10:45:29","slug":"diyanet-isleri-baskani-erbastan-kuran-i-kerim-yakma-eylemine-tepki","status":"publish","type":"post","link":"https:\/\/www.turhalhakimiyet.com\/index.php\/diyanet-isleri-baskani-erbastan-kuran-i-kerim-yakma-eylemine-tepki\/","title":{"rendered":"Diyanet \u0130\u015fleri Ba\u015fkan\u0131 Erba\u015f&#8217;tan  Kur&#8217;an-\u0131 Kerim Yakma Eylemine Tepki"},"content":{"rendered":"\n<p>Diyanet \u0130\u015fleri Ba\u015fkan\u0131 Prof.Dr. Ali Erba\u015f, Danimarka&#8217;n\u0131n ba\u015fkenti Kopenhag&#8217;da Kur&#8217;an-\u0131 Kerim yakan Rasmus Paludan&#8217;a tepki<br>g\u00f6stererek, &#8220;\u0130nsanlar\u0131n manevi de\u011ferlerine sald\u0131rmak \u00f6zg\u00fcrl\u00fck de\u011fildir.<br>\u00d6zg\u00fcrl\u00fck insan haklar\u0131n\u0131 korumakt\u0131r.<br>En b\u00fcy\u00fck insan hakk\u0131 da<br>2 milyara yak\u0131n mensubu bulunan bir hak dinin, \u0130slam dinin can\u0131ndan aziz bildi\u011fi Kur&#8217;an-\u0131 Kerim&#8217;e sald\u0131rmak insan haklar\u0131n\u0131 katletmektir&#8221; dedi.<br>Tokat&#8217;ta bir dizi temasta bulunan Diyanet \u0130\u015fleri Ba\u015fkan\u0131 Erba\u015f, Kar\u015f\u0131yaka Merkez<br>Cami konferans<br>salonunda gen\u00e7lerle bir araya geldi.<\/p>\n\n\n\n<p>Erba\u015f, Danimarka&#8217;da Kur&#8217;an-\u0131 Kerim&#8217;i hedef alan sald\u0131r\u0131ya y\u00f6nelik, \u201cS\u00f6zlerime ge\u00e7en hafta bir meczubun bir \u0131rk\u00e7\u0131 insanl\u0131k d\u00fc\u015fman\u0131, sadece Kur&#8217;an d\u00fc\u015fman\u0131 de\u011fil, ayn\u0131 zamanda insanl\u0131k d\u00fc\u015fman\u0131 Danimarkal\u0131n\u0131n biraz \u00f6nce Danimarka&#8217;da yine y\u00fcce kitab\u0131m\u0131z Kur&#8217;an-\u0131 Kerim&#8217;e sald\u0131rarak yapm\u0131\u015f oldu\u011fu bu i\u015fi, bu sald\u0131r\u0131y\u0131<br>k\u0131nayarak ba\u015flamak<br>istiyorum. Allah&#8217;\u0131n laneti onun \u00fczerine olsun.<br>Ve ayn\u0131 zamanda bu meczuba, bu insanl\u0131k<br>d\u00fc\u015fman\u0131na m\u00fcsaade eden Danimarka Devleti&#8217;nin y\u00f6neticilerini de k\u0131n\u0131yorum, lanetliyorum. \u00c7\u00fcnk\u00fc biz biliyoruz ki insan haklar\u0131na ayk\u0131r\u0131 hareket ediyorlar. \u0130nsanlar\u0131n manevi<br>de\u011ferlerine sald\u0131rmak \u00f6zg\u00fcrl\u00fck de\u011fildir.\u00d6zg\u00fcrl\u00fck insan haklar\u0131n\u0131 korumakt\u0131r.<br>En b\u00fcy\u00fck insan hakk\u0131 da<br>2 milyara yak\u0131n mensubu bulunan bir hak dinin, \u0130slam dinin can\u0131ndan aziz bildi\u011fi Kur&#8217;an&#8217;\u0131 Kerim&#8217;ine sald\u0131rmak insan haklar\u0131n\u0131 katletmektir. Bunu \u00f6zellikle ifade etmek itiyorum\u201d dedi.<br>Bir meczubun sald\u0131r\u0131s\u0131 y\u00fcz\u00fcnden zannetmesinler ki M\u00fcsl\u00fcmanlar yada insanlar Kur&#8217;an&#8217;a olan ba\u011fl\u0131\u011f\u0131n\u0131 azaltacak&#8221;<br>Kur&#8217;an-\u0131 Kerim&#8217;in 1400 y\u0131ld\u0131r b\u00f6yle sald\u0131r\u0131lara y\u00fczlerce kez u\u011frad\u0131\u011f\u0131n\u0131 ifade eden Erba\u015f, \u201dAma her zaman Kur&#8217;an&#8217;a olan sevgi, Kur&#8217;an&#8217;a olan h\u00fcrmet, sayg\u0131 b\u00fcy\u00fcyerek, artarak devam etti.<br>Bir meczubun sald\u0131r\u0131s\u0131 y\u00fcz\u00fcnden zannetmesinler ki M\u00fcsl\u00fcmanlar yada insanlar Kur&#8217;an&#8217;a olan ba\u011fl\u0131\u011f\u0131n\u0131 azaltacak.<br>Tam tersi daha da artarak devam edecekdir diye konu\u015ftu.\u0130HA<\/p>\n","protected":false},"excerpt":{"rendered":"<p>Diyanet \u0130\u015fleri Ba\u015fkan\u0131 Prof.Dr. Ali Erba\u015f, Danimarka&#8217;n\u0131n ba\u015fkenti Kopenhag&#8217;da Kur&#8217;an-\u0131 Kerim yakan Rasmus Paludan&#8217;a tepkig\u00f6stererek, &#8220;\u0130nsanlar\u0131n manevi de\u011ferlerine sald\u0131rmak \u00f6zg\u00fcrl\u00fck de\u011fildir.\u00d6zg\u00fcrl\u00fck insan haklar\u0131n\u0131 korumakt\u0131r.En b\u00fcy\u00fck insan hakk\u0131 da2 milyara yak\u0131n mensubu bulunan bir hak dinin, \u0130slam dinin can\u0131ndan aziz bildi\u011fi Kur&#8217;an-\u0131 Kerim&#8217;e sald\u0131rmak insan haklar\u0131n\u0131 katletmektir&#8221; dedi.Tokat&#8217;ta bir dizi temasta bulunan Diyanet \u0130\u015fleri Ba\u015fkan\u0131 Erba\u015f, [&hellip;]<\/p>\n","protected":false},"author":2,"featured_media":402,"comment_status":"open","ping_status":"open","sticky":false,"template":"","format":"standard","meta":{"footnotes":""},"categories":[1],"tags":[],"class_list":["post-401","post","type-post","status-publish","format-standard","has-post-thumbnail","hentry","category-turhal-haberleri"],"_links":{"self":[{"href":"https:\/\/www.turhalhakimiyet.com\/index.php\/wp-json\/wp\/v2\/posts\/401","targetHints":{"allow":["GET"]}}],"collection":[{"href":"https:\/\/www.turhalhakimiyet.com\/index.php\/wp-json\/wp\/v2\/posts"}],"about":[{"href":"https:\/\/www.turhalhakimiyet.com\/index.php\/wp-json\/wp\/v2\/types\/post"}],"author":[{"embeddable":true,"href":"https:\/\/www.turhalhakimiyet.com\/index.php\/wp-json\/wp\/v2\/users\/2"}],"replies":[{"embeddable":true,"href":"https:\/\/www.turhalhakimiyet.com\/index.php\/wp-json\/wp\/v2\/comments?post=401"}],"version-history":[{"count":1,"href":"https:\/\/www.turhalhakimiyet.com\/index.php\/wp-json\/wp\/v2\/posts\/401\/revisions"}],"predecessor-version":[{"id":403,"href":"https:\/\/www.turhalhakimiyet.com\/index.php\/wp-json\/wp\/v2\/posts\/401\/revisions\/403"}],"wp:featuredmedia":[{"embeddable":true,"href":"https:\/\/www.turhalhakimiyet.com\/index.php\/wp-json\/wp\/v2\/media\/402"}],"wp:attachment":[{"href":"https:\/\/www.turhalhakimiyet.com\/index.php\/wp-json\/wp\/v2\/media?parent=401"}],"wp:term":[{"taxonomy":"category","embeddable":true,"href":"https:\/\/www.turhalhakimiyet.com\/index.php\/wp-json\/wp\/v2\/categories?post=401"},{"taxonomy":"post_tag","embeddable":true,"href":"https:\/\/www.turhalhakimiyet.com\/index.php\/wp-json\/wp\/v2\/tags?post=401"}],"curies":[{"name":"wp","href":"https:\/\/api.w.org\/{rel}","templated":true}]}}