{"id":405,"date":"2023-01-31T13:50:12","date_gmt":"2023-01-31T10:50:12","guid":{"rendered":"https:\/\/www.turhalhakimiyet.com\/?p=405"},"modified":"2023-01-31T13:50:12","modified_gmt":"2023-01-31T10:50:12","slug":"tokat-sosyal-hizmetler-il-muduru-mahmut-ozdemirturhalda-hizmet-veren-kuruluslari-ziyaret-etti","status":"publish","type":"post","link":"https:\/\/www.turhalhakimiyet.com\/index.php\/tokat-sosyal-hizmetler-il-muduru-mahmut-ozdemirturhalda-hizmet-veren-kuruluslari-ziyaret-etti\/","title":{"rendered":"Tokat Sosyal Hizmetler \u0130l M\u00fcd\u00fcr\u00fc Mahmut \u00d6zdemir<br>Turhal\u2019da Hizmet Veren Kurulu\u015flar\u0131 Ziyaret Etti"},"content":{"rendered":"\n<p>Tokat Sosyal Hizmetler<br>\u0130l M\u00fcd\u00fcr\u00fc Mahmut \u00d6zdemir, Turhalda Kurulu\u015f Ziyaretleri Ger\u00e7ekle\u015ftirdi<br>\u0130l M\u00fcd\u00fcr\u00fc Mahmut \u00d6zdemir,Turhal<br>\u0130l\u00e7esine yapm\u0131\u015f oldu\u011fu ziyaretlere Turhal<br>\u0130htisasla\u015fm\u0131\u015f \u00c7ocuk Evleri Sitesinden ba\u015flad\u0131.<br>Tokat Sosyal Hizmetler<br>\u0130l M\u00fcd\u00fcr\u00fc Mahmut \u00d6zdemir<br>Kurulu\u015f M\u00fcd\u00fcr\u00fc Hatice Tuzta\u015f\u0131\u2019ndan \u00e7ocuklar\u0131n g\u00fcnl\u00fck ya\u015fant\u0131lar\u0131, kurulu\u015f i\u015f ve i\u015flemleri hakk\u0131nda<br>bilgiler ald\u0131.<br>Akabinde \u00e7ocuklar ile biraraya gelen \u00d6zdemir<br>her bir \u00e7ocu\u011fun ayr\u0131 ayr\u0131 hat\u0131rlar\u0131n\u0131 sorarak bir<br>talepleri olup olmad\u0131\u011f\u0131n\u0131 sordu. \u00c7ocuklara serbest zamanlar\u0131nda bol bol kitap okumalar\u0131 tavsiyesinde bulunarak muhakkak<br>kurulu\u015f bah\u00e7esinde a\u00e7\u0131lan Kardelen \u0130\u015f At\u00f6lyesinde verilen kurslardan istifade etmelerini istedi.<br>Tokat Sosyal Hizmetler<br>\u0130l M\u00fcd\u00fcr\u00fc Mahmut \u00d6zdemir\u2019in bir sonraki dura\u011f\u0131, Tokat Valisi<br>Numan Hatipo\u011flu\u2019nun \u00f6nderli\u011finde yap\u0131lan Muhtarlar Toplant\u0131s\u0131 oldu.<br>Kamu kurum ve kurulu\u015f amirlerinin de haz\u0131r<br>bulundu\u011fu toplant\u0131da muhtarlar\u0131n sorular\u0131<br>yan\u0131tland\u0131.<br>Tokat Sosyal Hizmetler<br>\u0130l M\u00fcd\u00fcr\u00fc \u00d6zdemir\u2019in<br>Turhal \u0130l\u00e7esindeki son dura\u011f\u0131 Turhal Engelsiz Ya\u015fam Bak\u0131m ve Rehabilitasyon Merkezi oldu. Engellilerin<br>ya\u015fad\u0131klar\u0131 evlerde ziyaret eden \u00d6zdemir, her biri ile ayr\u0131 ayr\u0131 ilgilenerek sohbet etti. Keyifli sohbetlerin yap\u0131ld\u0131\u011f\u0131 ziyarette \u0130l M\u00fcd\u00fcr\u00fc, engelli<br>vatanda\u015flarla ile hat\u0131ra foto\u011fraf\u0131 \u00e7ekinmeyi ihmal etmedi. Turhal il\u00e7esindeki<br>toplant\u0131lar\u0131n\u0131 ve ziyaretlerini tamamlayan<br>Tokat Sosyal Hizmetler<br>\u0130l M\u00fcd\u00fcr\u00fc Mahmut \u00d6zdemir<br>Kuzey Irak\u2019ta BT\u00d6<br>mensuplar\u0131yla girilen<br>\u00e7at\u0131\u015fmada baca\u011f\u0131ndan yaralanan Piyade Astsubay \u00c7avu\u015f Sabri Kaya ve ailesini ikamet ettikleri<br>Kat Kasabas\u0131nda ziyaret etti. Yaral\u0131 askerimize ve ailesine ge\u00e7mi\u015f olsun<br>dileklerini ileten \u00d6zdemir, Astsubay Kaya\u2019dan sa\u011fl\u0131k durumu hakk\u0131nda bilgi ald\u0131.<br>Kaya Ailesine,<br>Cumhurba\u015fkan\u0131 Recep Tayyip Erdo\u011fan, Bakan Derya Yan\u0131k, \u015eehit Yak\u0131nlar\u0131 ve Gaziler Genel M\u00fcd\u00fcr\u00fc \u015eemseddin Yal\u00e7\u0131n ve Tokat Valisi Numan Hatipo\u011flu&#8217;nun selamlar\u0131n\u0131 ve ge\u00e7mi\u015f olsun dileklerini ileten Tokat Sosyal Hizmetler \u0130l M\u00fcd\u00fcr\u00fc Mahmut \u00d6zdemir,yaral\u0131 asker Sabri Kaya\u2019ya tez zamanda sa\u011fl\u0131\u011f\u0131na<br>kavu\u015fmas\u0131 temennisinde bulundu.<br>Ey\u00fcp Mert<\/p>\n","protected":false},"excerpt":{"rendered":"<p>Tokat Sosyal Hizmetler\u0130l M\u00fcd\u00fcr\u00fc Mahmut \u00d6zdemir, Turhalda Kurulu\u015f Ziyaretleri Ger\u00e7ekle\u015ftirdi\u0130l M\u00fcd\u00fcr\u00fc Mahmut \u00d6zdemir,Turhal\u0130l\u00e7esine yapm\u0131\u015f oldu\u011fu ziyaretlere Turhal\u0130htisasla\u015fm\u0131\u015f \u00c7ocuk Evleri Sitesinden ba\u015flad\u0131.Tokat Sosyal Hizmetler\u0130l M\u00fcd\u00fcr\u00fc Mahmut \u00d6zdemirKurulu\u015f M\u00fcd\u00fcr\u00fc Hatice Tuzta\u015f\u0131\u2019ndan \u00e7ocuklar\u0131n g\u00fcnl\u00fck ya\u015fant\u0131lar\u0131, kurulu\u015f i\u015f ve i\u015flemleri hakk\u0131ndabilgiler ald\u0131.Akabinde \u00e7ocuklar ile biraraya gelen \u00d6zdemirher bir \u00e7ocu\u011fun ayr\u0131 ayr\u0131 hat\u0131rlar\u0131n\u0131 sorarak birtalepleri olup olmad\u0131\u011f\u0131n\u0131 sordu. \u00c7ocuklara serbest [&hellip;]<\/p>\n","protected":false},"author":2,"featured_media":406,"comment_status":"open","ping_status":"open","sticky":false,"template":"","format":"standard","meta":{"footnotes":""},"categories":[1],"tags":[],"class_list":["post-405","post","type-post","status-publish","format-standard","has-post-thumbnail","hentry","category-turhal-haberleri"],"_links":{"self":[{"href":"https:\/\/www.turhalhakimiyet.com\/index.php\/wp-json\/wp\/v2\/posts\/405","targetHints":{"allow":["GET"]}}],"collection":[{"href":"https:\/\/www.turhalhakimiyet.com\/index.php\/wp-json\/wp\/v2\/posts"}],"about":[{"href":"https:\/\/www.turhalhakimiyet.com\/index.php\/wp-json\/wp\/v2\/types\/post"}],"author":[{"embeddable":true,"href":"https:\/\/www.turhalhakimiyet.com\/index.php\/wp-json\/wp\/v2\/users\/2"}],"replies":[{"embeddable":true,"href":"https:\/\/www.turhalhakimiyet.com\/index.php\/wp-json\/wp\/v2\/comments?post=405"}],"version-history":[{"count":1,"href":"https:\/\/www.turhalhakimiyet.com\/index.php\/wp-json\/wp\/v2\/posts\/405\/revisions"}],"predecessor-version":[{"id":407,"href":"https:\/\/www.turhalhakimiyet.com\/index.php\/wp-json\/wp\/v2\/posts\/405\/revisions\/407"}],"wp:featuredmedia":[{"embeddable":true,"href":"https:\/\/www.turhalhakimiyet.com\/index.php\/wp-json\/wp\/v2\/media\/406"}],"wp:attachment":[{"href":"https:\/\/www.turhalhakimiyet.com\/index.php\/wp-json\/wp\/v2\/media?parent=405"}],"wp:term":[{"taxonomy":"category","embeddable":true,"href":"https:\/\/www.turhalhakimiyet.com\/index.php\/wp-json\/wp\/v2\/categories?post=405"},{"taxonomy":"post_tag","embeddable":true,"href":"https:\/\/www.turhalhakimiyet.com\/index.php\/wp-json\/wp\/v2\/tags?post=405"}],"curies":[{"name":"wp","href":"https:\/\/api.w.org\/{rel}","templated":true}]}}