{"id":409,"date":"2023-01-31T15:35:08","date_gmt":"2023-01-31T12:35:08","guid":{"rendered":"https:\/\/www.turhalhakimiyet.com\/?p=409"},"modified":"2023-01-31T15:35:08","modified_gmt":"2023-01-31T12:35:08","slug":"basibos-kopekler-koylunun-korkulu-ruyasi-haline-geldi","status":"publish","type":"post","link":"https:\/\/www.turhalhakimiyet.com\/index.php\/basibos-kopekler-koylunun-korkulu-ruyasi-haline-geldi\/","title":{"rendered":"Ba\u015f\u0131bo\u015f k\u00f6pekler k\u00f6yl\u00fcn\u00fcn korkulu r\u00fcyas\u0131 haline geldi"},"content":{"rendered":"\n<p>Tokat&#8217;\u0131n Zile il\u00e7esine ba\u011fl\u0131 Korucuk k\u00f6y\u00fcne ba\u015f\u0131bo\u015f sokak k\u00f6peklerinin b\u0131rak\u0131lmas\u0131 vatanda\u015flar\u0131 \u00e7ileden \u00e7\u0131kard\u0131.<\/p>\n\n\n\n<p>Zile il\u00e7esine 5 kilometre, Pazar il\u00e7esinde 30 kilometre uzakta bulunan Korucuk k\u00f6y\u00fcnde ba\u015f\u0131bo\u015f sokak k\u00f6pe\u011fi sorunu her ge\u00e7en g\u00fcn art\u0131yor. \u00c7evre il\u00e7elerden k\u00f6ylerine k\u00f6pek b\u0131rak\u0131ld\u0131\u011f\u0131n\u0131 ileri s\u00fcren k\u00f6yl\u00fcler zaman zaman sald\u0131rgan davran\u0131\u015flar da sergileyen ba\u015f\u0131bo\u015f sokak k\u00f6peklerinden dert yand\u0131. Vatanda\u015flar ba\u015f\u0131bo\u015f sokak k\u00f6pekler nedeni ile k\u00f6ylerine insanlar\u0131n girmeye korktu\u011funu kaydetti. K\u00f6y Muhtar\u0131 Adnan Ekenel, sokak k\u00f6peklerinin getirilip k\u00f6ylerine b\u0131rak\u0131lmas\u0131ndan \u015fikayet\u00e7i olduklar\u0131n\u0131 s\u00f6yledi. K\u00f6yde insanlar\u0131n gezmeye \u00e7ekindi\u011fini ifade eden Ekenel, k\u00f6peklerin toplanarak hayvan bar\u0131na\u011f\u0131na g\u00f6t\u00fcr\u00fclmesini istediklerini kaydetti.<\/p>\n\n\n\n<p>K\u00f6y sakinlerinden Mehmet Ataseven ise sokak k\u00f6peklerinin k\u00f6ylerine b\u0131rak\u0131lmas\u0131 nedeni ile sorun ya\u015fad\u0131klar\u0131n\u0131 belirterek, \u201cSahipsiz hayvanlar\u0131n su\u00e7u yok. Su\u00e7 bu hayvanlar\u0131 buraya getirenler. Zile&#8217;den, Pazar&#8217;dan getirip k\u00f6y\u00fcm\u00fcze b\u0131rak\u0131yorlar. Mecbur bu hayvanlara bakmak durumunda kal\u0131yoruz. Yoksa sa\u011fa sola sald\u0131r\u0131yorlar. Birbirlerini \u00f6ld\u00fcr\u00fcyor. Belediyeler bar\u0131nak yap\u0131p bakaca\u011f\u0131n\u0131 s\u00f6yl\u00fcyor. Hepsi yalan. \u00c7\u00fcnk\u00fc Zile&#8217;den geliyor bu hayvanlar. Bak\u0131m masraf\u0131 s\u0131k\u0131nt\u0131 de\u011fil de bu hayvanlar\u0131n bu \u015fekilde ya\u015famas\u0131 s\u0131k\u0131nt\u0131. \u0130nsanlar arabas\u0131ndan inemiyor, elektrik\u00e7i geliyor saatleri dola\u015fam\u0131yor. Her sene 30-40 yavru k\u00f6pek \u00f6l\u00fcyor. Hayvanseverler gelip baks\u0131n en az\u0131ndan mama deste\u011fi versin. O nedenle belediyeden bir umudumuz yokta duyarl\u0131 vatanda\u015flar\u0131m\u0131z, valimiz, kaymakam\u0131m\u0131z\u0131n yard\u0131mc\u0131 olmas\u0131n\u0131 istiyoruz\u201d diye konu\u015ftu. Serhat Duran da k\u00f6peklerin k\u00f6y giri\u015fine b\u0131rak\u0131lmas\u0131 neden ile ma\u011fdur olduklar\u0131n\u0131, hayvanlara bakacak durumlar\u0131n\u0131n kalmad\u0131\u011f\u0131n\u0131 s\u00f6yledi.<\/p>\n","protected":false},"excerpt":{"rendered":"<p>Tokat&#8217;\u0131n Zile il\u00e7esine ba\u011fl\u0131 Korucuk k\u00f6y\u00fcne ba\u015f\u0131bo\u015f sokak k\u00f6peklerinin b\u0131rak\u0131lmas\u0131 vatanda\u015flar\u0131 \u00e7ileden \u00e7\u0131kard\u0131. Zile il\u00e7esine 5 kilometre, Pazar il\u00e7esinde 30 kilometre uzakta bulunan Korucuk k\u00f6y\u00fcnde ba\u015f\u0131bo\u015f sokak k\u00f6pe\u011fi sorunu her ge\u00e7en g\u00fcn art\u0131yor. \u00c7evre il\u00e7elerden k\u00f6ylerine k\u00f6pek b\u0131rak\u0131ld\u0131\u011f\u0131n\u0131 ileri s\u00fcren k\u00f6yl\u00fcler zaman zaman sald\u0131rgan davran\u0131\u015flar da sergileyen ba\u015f\u0131bo\u015f sokak k\u00f6peklerinden dert yand\u0131. Vatanda\u015flar ba\u015f\u0131bo\u015f sokak [&hellip;]<\/p>\n","protected":false},"author":2,"featured_media":0,"comment_status":"open","ping_status":"open","sticky":false,"template":"","format":"standard","meta":{"footnotes":""},"categories":[1],"tags":[],"class_list":["post-409","post","type-post","status-publish","format-standard","hentry","category-turhal-haberleri"],"_links":{"self":[{"href":"https:\/\/www.turhalhakimiyet.com\/index.php\/wp-json\/wp\/v2\/posts\/409","targetHints":{"allow":["GET"]}}],"collection":[{"href":"https:\/\/www.turhalhakimiyet.com\/index.php\/wp-json\/wp\/v2\/posts"}],"about":[{"href":"https:\/\/www.turhalhakimiyet.com\/index.php\/wp-json\/wp\/v2\/types\/post"}],"author":[{"embeddable":true,"href":"https:\/\/www.turhalhakimiyet.com\/index.php\/wp-json\/wp\/v2\/users\/2"}],"replies":[{"embeddable":true,"href":"https:\/\/www.turhalhakimiyet.com\/index.php\/wp-json\/wp\/v2\/comments?post=409"}],"version-history":[{"count":1,"href":"https:\/\/www.turhalhakimiyet.com\/index.php\/wp-json\/wp\/v2\/posts\/409\/revisions"}],"predecessor-version":[{"id":410,"href":"https:\/\/www.turhalhakimiyet.com\/index.php\/wp-json\/wp\/v2\/posts\/409\/revisions\/410"}],"wp:attachment":[{"href":"https:\/\/www.turhalhakimiyet.com\/index.php\/wp-json\/wp\/v2\/media?parent=409"}],"wp:term":[{"taxonomy":"category","embeddable":true,"href":"https:\/\/www.turhalhakimiyet.com\/index.php\/wp-json\/wp\/v2\/categories?post=409"},{"taxonomy":"post_tag","embeddable":true,"href":"https:\/\/www.turhalhakimiyet.com\/index.php\/wp-json\/wp\/v2\/tags?post=409"}],"curies":[{"name":"wp","href":"https:\/\/api.w.org\/{rel}","templated":true}]}}