{"id":418,"date":"2023-02-01T10:40:04","date_gmt":"2023-02-01T07:40:04","guid":{"rendered":"https:\/\/www.turhalhakimiyet.com\/?p=418"},"modified":"2023-02-01T10:40:04","modified_gmt":"2023-02-01T07:40:04","slug":"kontrolden-cikan-otobus-sarampole-devrildi-muavin-oldu-13-yolcu-yaralandi","status":"publish","type":"post","link":"https:\/\/www.turhalhakimiyet.com\/index.php\/kontrolden-cikan-otobus-sarampole-devrildi-muavin-oldu-13-yolcu-yaralandi\/","title":{"rendered":"Kontrolden \u00e7\u0131kan otob\u00fcs \u015farampole devrildi: Muavin \u00f6ld\u00fc, 13 yolcu yaraland\u0131"},"content":{"rendered":"\n<h3 class=\"wp-block-heading\">Tokat\u2019ta meydana gelen otob\u00fcs kazas\u0131nda devrilen otob\u00fcs\u00fcn alt\u0131nda kalan muavin \u00f6ld\u00fc, otob\u00fcste bulunan 13 yolcu yaraland\u0131.<\/h3>\n\n\n\n<p>Tokat&#8217;ta meydana gelen otob\u00fcs kazas\u0131nda devrilen otob\u00fcs\u00fcn alt\u0131nda kalan muavin \u00f6ld\u00fc, otob\u00fcste bulunan 13 yolcu yaraland\u0131.<\/p>\n\n\n\n<p>Edinilen bilgiye g\u00f6re kaza Sivas-Tokat Kara Yolu, K\u0131z\u0131lini\u015f mevkisinde meydana geldi. Kazada, Van-Tokat seferini yapan C.H. sevk ve idaresindeki Tokat Y\u0131ld\u0131z\u0131 firmas\u0131na ait 60 AAV 832 plakal\u0131 yolcu otob\u00fcs\u00fc, Tokat&#8217;a 10 kilometre kala ya\u011fan kar nedeniyle kayganla\u015fan yolda kontrolden \u00e7\u0131karak \u015farampole devrildi. Otob\u00fcs\u00fcn arka k\u0131sm\u0131nda dinlenen Mert Balc\u0131 adl\u0131 otob\u00fcs muavini devrilen otob\u00fcs\u00fcn alt\u0131nda kal\u0131rken 13 yolcu yaraland\u0131. Yaral\u0131lar ambulanslarla Tokat&#8217;taki hastanelere kald\u0131r\u0131ld\u0131. Otob\u00fcs\u00fcn alt\u0131nda kalan muavin olay yerinde \u00f6ld\u00fc. Cans\u0131z beden, kurtarma ekipleri taraf\u0131ndan g\u00fc\u00e7l\u00fckle \u00e7\u0131kart\u0131ld\u0131. Kazayla ilgili inceleme ba\u015flat\u0131ld\u0131.<\/p>\n","protected":false},"excerpt":{"rendered":"<p>Tokat\u2019ta meydana gelen otob\u00fcs kazas\u0131nda devrilen otob\u00fcs\u00fcn alt\u0131nda kalan muavin \u00f6ld\u00fc, otob\u00fcste bulunan 13 yolcu yaraland\u0131. Tokat&#8217;ta meydana gelen otob\u00fcs kazas\u0131nda devrilen otob\u00fcs\u00fcn alt\u0131nda kalan muavin \u00f6ld\u00fc, otob\u00fcste bulunan 13 yolcu yaraland\u0131. Edinilen bilgiye g\u00f6re kaza Sivas-Tokat Kara Yolu, K\u0131z\u0131lini\u015f mevkisinde meydana geldi. Kazada, Van-Tokat seferini yapan C.H. sevk ve idaresindeki Tokat Y\u0131ld\u0131z\u0131 firmas\u0131na ait [&hellip;]<\/p>\n","protected":false},"author":2,"featured_media":419,"comment_status":"open","ping_status":"open","sticky":false,"template":"","format":"standard","meta":{"footnotes":""},"categories":[1],"tags":[],"class_list":["post-418","post","type-post","status-publish","format-standard","has-post-thumbnail","hentry","category-turhal-haberleri"],"_links":{"self":[{"href":"https:\/\/www.turhalhakimiyet.com\/index.php\/wp-json\/wp\/v2\/posts\/418","targetHints":{"allow":["GET"]}}],"collection":[{"href":"https:\/\/www.turhalhakimiyet.com\/index.php\/wp-json\/wp\/v2\/posts"}],"about":[{"href":"https:\/\/www.turhalhakimiyet.com\/index.php\/wp-json\/wp\/v2\/types\/post"}],"author":[{"embeddable":true,"href":"https:\/\/www.turhalhakimiyet.com\/index.php\/wp-json\/wp\/v2\/users\/2"}],"replies":[{"embeddable":true,"href":"https:\/\/www.turhalhakimiyet.com\/index.php\/wp-json\/wp\/v2\/comments?post=418"}],"version-history":[{"count":1,"href":"https:\/\/www.turhalhakimiyet.com\/index.php\/wp-json\/wp\/v2\/posts\/418\/revisions"}],"predecessor-version":[{"id":420,"href":"https:\/\/www.turhalhakimiyet.com\/index.php\/wp-json\/wp\/v2\/posts\/418\/revisions\/420"}],"wp:featuredmedia":[{"embeddable":true,"href":"https:\/\/www.turhalhakimiyet.com\/index.php\/wp-json\/wp\/v2\/media\/419"}],"wp:attachment":[{"href":"https:\/\/www.turhalhakimiyet.com\/index.php\/wp-json\/wp\/v2\/media?parent=418"}],"wp:term":[{"taxonomy":"category","embeddable":true,"href":"https:\/\/www.turhalhakimiyet.com\/index.php\/wp-json\/wp\/v2\/categories?post=418"},{"taxonomy":"post_tag","embeddable":true,"href":"https:\/\/www.turhalhakimiyet.com\/index.php\/wp-json\/wp\/v2\/tags?post=418"}],"curies":[{"name":"wp","href":"https:\/\/api.w.org\/{rel}","templated":true}]}}