{"id":425,"date":"2023-02-01T11:06:09","date_gmt":"2023-02-01T08:06:09","guid":{"rendered":"https:\/\/www.turhalhakimiyet.com\/?p=425"},"modified":"2023-02-01T11:07:00","modified_gmt":"2023-02-01T08:07:00","slug":"tokattaki-otobus-kazasinda-yaralananlar-o-anlari-anlatti","status":"publish","type":"post","link":"https:\/\/www.turhalhakimiyet.com\/index.php\/tokattaki-otobus-kazasinda-yaralananlar-o-anlari-anlatti\/","title":{"rendered":"Tokat&#8217;taki otob\u00fcs kazas\u0131nda yaralananlar o anlar\u0131 anlatt\u0131"},"content":{"rendered":"\n<p><a href=\"https:\/\/www.iha.com.tr\/tokat-haberleri\/tokattaki-otobus-kazasinda-yaralananlar-o-anlari-anlatti-4157360\/#\"><\/a><\/p>\n\n\n\n<p><a href=\"https:\/\/www.iha.com.tr\/tokat-haberleri\/tokattaki-otobus-kazasinda-yaralananlar-o-anlari-anlatti-4157360\/#\"><\/a><\/p>\n\n\n\n<p><a href=\"https:\/\/www.iha.com.tr\/tokat-haberleri\/tokattaki-otobus-kazasinda-yaralananlar-o-anlari-anlatti-4157360\/#\"><\/a><\/p>\n\n\n\n<p><a href=\"whatsapp:\/\/send?text=https%3A%2F%2Fwww.iha.com.tr%2Ftokat-haberleri%2Ftokattaki-otobus-kazasinda-yaralananlar-o-anlari-anlatti-4157360%2F%20Tokat%E2%80%99ta%201%20ki%C5%9Finin%20%C3%B6ld%C3%BC%C4%9F%C3%BC%20otob%C3%BCs%20kazas%C4%B1nda%20yaralanan%2015%20ki%C5%9Finin%20hayati%20tehlikesinin%20bulunmad%C4%B1%C4%9F%C4%B1%20bildirildi.\"><\/a>\u00a0<\/p>\n\n\n\n<h3 class=\"wp-block-heading\">Tokat\u2019ta 1 ki\u015finin \u00f6ld\u00fc\u011f\u00fc otob\u00fcs kazas\u0131nda yaralanan 15 ki\u015finin hayati tehlikesinin bulunmad\u0131\u011f\u0131 bildirildi.<\/h3>\n\n\n\n<p>Tokat&#8217;ta 1 ki\u015finin \u00f6ld\u00fc\u011f\u00fc otob\u00fcs kazas\u0131nda yaralanan 15 ki\u015finin hayati tehlikesinin bulunmad\u0131\u011f\u0131 bildirildi.<\/p>\n\n\n\n<p>Tokat&#8217;ta sabaha kar\u015f\u0131 meydana gelen otob\u00fcs kazas\u0131nda yaralananlar kentteki hastanelerde tedaviye al\u0131nd\u0131. Kazada hayat\u0131n\u0131 kaybeden muavin Mert Balc\u0131 (24) cenazesi Tokat Devlet Hastanesi morguna kald\u0131r\u0131ld\u0131. Vali Numan Hatipo\u011flu yaral\u0131lar\u0131 hastanede ziyaret ederek bilgi ald\u0131. Yaral\u0131lar\u0131n genel sa\u011fl\u0131k durumunun iyi oldu\u011funu bir\u00e7o\u011funun ayaktan tedavi edildi\u011fini belirten Vali Hatipo\u011flu, kar ya\u011f\u0131\u015f\u0131ndan kaynakland\u0131\u011f\u0131 de\u011ferlendirilen kazayla ilgili incelemelerin devam etti\u011fini s\u00f6yledi.<\/p>\n\n\n\n<p>Yolcu otob\u00fcs\u00fcn\u00fcn yedek \u015fof\u00f6r\u00fc H\u00fcseyin S\u00f6zkesen, yolda sulu kar olmas\u0131 nedeni ile s\u00fcr\u00fcc\u00fcn\u00fcn direksiyon hakimiyetini kaybetti\u011fini belirterek, \u201cKayan otob\u00fcs ref\u00fcje \u00e7arparak yan yatt\u0131. S\u00fcr\u00fcklenmedik. Ben kaza olmadan k\u0131sa bir s\u00fcre \u00f6nce kalkm\u0131\u015ft\u0131m. \u00d6n koltukta oturuyordum\u201d dedi.<\/p>\n\n\n\n<p>Kaza; Sivas-Tokat Kara Yolu, K\u0131z\u0131lini\u015f mevkii Dayl\u0131hac\u0131 k\u00f6y\u00fc yak\u0131nlar\u0131nda 05.15 saatlerinde meydana geldi. Van-Tokat seferini yapan C.H. sevk ve idaresindeki Tokat Y\u0131ld\u0131z\u0131 firmas\u0131na ait 60 AAV 832 plakal\u0131 yolcu otob\u00fcs\u00fc, Tokat&#8217;a yo\u011fun kar ya\u011f\u0131\u015f\u0131 nedeniyle kayganla\u015fan yolda kontrolden \u00e7\u0131karak ref\u00fcje devrildi. Otob\u00fcs\u00fcn arka k\u0131sm\u0131nda dinlenen Mert Balc\u0131 (24) adl\u0131 otob\u00fcs muavini devrilen otob\u00fcs\u00fcn alt\u0131nda kal\u0131rken 13 yolcu yaraland\u0131. Yaral\u0131lar ambulanslarla Tokat&#8217;taki hastanelere kald\u0131r\u0131ld\u0131. Otob\u00fcs\u00fcn alt\u0131nda kalan muavin olay yerinde \u00f6ld\u00fc.<\/p>\n","protected":false},"excerpt":{"rendered":"<p>\u00a0 Tokat\u2019ta 1 ki\u015finin \u00f6ld\u00fc\u011f\u00fc otob\u00fcs kazas\u0131nda yaralanan 15 ki\u015finin hayati tehlikesinin bulunmad\u0131\u011f\u0131 bildirildi. Tokat&#8217;ta 1 ki\u015finin \u00f6ld\u00fc\u011f\u00fc otob\u00fcs kazas\u0131nda yaralanan 15 ki\u015finin hayati tehlikesinin bulunmad\u0131\u011f\u0131 bildirildi. Tokat&#8217;ta sabaha kar\u015f\u0131 meydana gelen otob\u00fcs kazas\u0131nda yaralananlar kentteki hastanelerde tedaviye al\u0131nd\u0131. Kazada hayat\u0131n\u0131 kaybeden muavin Mert Balc\u0131 (24) cenazesi Tokat Devlet Hastanesi morguna kald\u0131r\u0131ld\u0131. Vali Numan Hatipo\u011flu [&hellip;]<\/p>\n","protected":false},"author":2,"featured_media":426,"comment_status":"open","ping_status":"open","sticky":false,"template":"","format":"standard","meta":{"footnotes":""},"categories":[1],"tags":[],"class_list":["post-425","post","type-post","status-publish","format-standard","has-post-thumbnail","hentry","category-turhal-haberleri"],"_links":{"self":[{"href":"https:\/\/www.turhalhakimiyet.com\/index.php\/wp-json\/wp\/v2\/posts\/425","targetHints":{"allow":["GET"]}}],"collection":[{"href":"https:\/\/www.turhalhakimiyet.com\/index.php\/wp-json\/wp\/v2\/posts"}],"about":[{"href":"https:\/\/www.turhalhakimiyet.com\/index.php\/wp-json\/wp\/v2\/types\/post"}],"author":[{"embeddable":true,"href":"https:\/\/www.turhalhakimiyet.com\/index.php\/wp-json\/wp\/v2\/users\/2"}],"replies":[{"embeddable":true,"href":"https:\/\/www.turhalhakimiyet.com\/index.php\/wp-json\/wp\/v2\/comments?post=425"}],"version-history":[{"count":2,"href":"https:\/\/www.turhalhakimiyet.com\/index.php\/wp-json\/wp\/v2\/posts\/425\/revisions"}],"predecessor-version":[{"id":428,"href":"https:\/\/www.turhalhakimiyet.com\/index.php\/wp-json\/wp\/v2\/posts\/425\/revisions\/428"}],"wp:featuredmedia":[{"embeddable":true,"href":"https:\/\/www.turhalhakimiyet.com\/index.php\/wp-json\/wp\/v2\/media\/426"}],"wp:attachment":[{"href":"https:\/\/www.turhalhakimiyet.com\/index.php\/wp-json\/wp\/v2\/media?parent=425"}],"wp:term":[{"taxonomy":"category","embeddable":true,"href":"https:\/\/www.turhalhakimiyet.com\/index.php\/wp-json\/wp\/v2\/categories?post=425"},{"taxonomy":"post_tag","embeddable":true,"href":"https:\/\/www.turhalhakimiyet.com\/index.php\/wp-json\/wp\/v2\/tags?post=425"}],"curies":[{"name":"wp","href":"https:\/\/api.w.org\/{rel}","templated":true}]}}