{"id":429,"date":"2023-02-01T12:19:25","date_gmt":"2023-02-01T09:19:25","guid":{"rendered":"https:\/\/www.turhalhakimiyet.com\/?p=429"},"modified":"2023-02-01T12:19:25","modified_gmt":"2023-02-01T09:19:25","slug":"yolda-kalmalari-kar-ozlemini-gidermelerine-engel-olmadi","status":"publish","type":"post","link":"https:\/\/www.turhalhakimiyet.com\/index.php\/yolda-kalmalari-kar-ozlemini-gidermelerine-engel-olmadi\/","title":{"rendered":"Yolda kalmalar\u0131 kar \u00f6zlemini gidermelerine engel olmad\u0131"},"content":{"rendered":"\n<p><a href=\"https:\/\/www.iha.com.tr\/tokat-haberleri\/yolda-kalmalari-kar-ozlemini-gidermelerine-engel-olmadi-4157970\/#\"><\/a><\/p>\n\n\n\n<p><a href=\"https:\/\/www.iha.com.tr\/tokat-haberleri\/yolda-kalmalari-kar-ozlemini-gidermelerine-engel-olmadi-4157970\/#\"><\/a><\/p>\n\n\n\n<p><a href=\"https:\/\/www.iha.com.tr\/tokat-haberleri\/yolda-kalmalari-kar-ozlemini-gidermelerine-engel-olmadi-4157970\/#\"><\/a><\/p>\n\n\n\n<p><a href=\"whatsapp:\/\/send?text=https%3A%2F%2Fwww.iha.com.tr%2Ftokat-haberleri%2Fyolda-kalmalari-kar-ozlemini-gidermelerine-engel-olmadi-4157970%2F%20Tokatl%C4%B1%20vatanda%C5%9Flar%20kayak%20merkezine%20giderken%20minib%C3%BCsleri%20ar%C4%B1za%20yapsa%20da%20bu%20durum%20karda%20e%C4%9Flenmelerine%20engel%20olmad%C4%B1.\"><\/a>\u00a0<\/p>\n\n\n\n<h3 class=\"wp-block-heading\">Tokatl\u0131 vatanda\u015flar kayak merkezine giderken minib\u00fcsleri ar\u0131za yapsa da bu durum karda e\u011flenmelerine engel olmad\u0131.<\/h3>\n\n\n\n<p>Tokat&#8217;tan Sivas Y\u0131ld\u0131z Da\u011f\u0131 kayak merkezine gitmek i\u00e7in yola \u00e7\u0131kan tatilcileri ta\u015f\u0131yan minib\u00fcs \u00c7aml\u0131bel ge\u00e7idi yak\u0131nlar\u0131nda ar\u0131zaland\u0131. Yolcu minib\u00fcs\u00fcnde bulunan \u00e7ocuklar anne ve babalar\u0131 ile ara\u00e7tan inerek kar \u00f6zlemini gidermeye \u00e7al\u0131\u015ft\u0131. Bir s\u00fcredir kar ya\u011f\u0131\u015f\u0131n\u0131 hasret kalan \u00e7ocuklar doyas\u0131ya e\u011flendi. Kartopu oynayan minikler k\u0131sa s\u00fcrelide olsa sevin\u00e7 ya\u015fad\u0131. 8 ya\u015f\u0131ndaki G\u00fcne\u015f G\u00fcl, kar ya\u011fd\u0131\u011f\u0131 i\u00e7in sevindi\u011fini ama kayak merkezine gidemeyece\u011fi i\u00e7in \u00fcz\u00fcld\u00fc\u011f\u00fcn\u00fc ifade ederek, \u201cMinib\u00fcs\u00fcm\u00fcz ar\u0131zaland\u0131\u011f\u0131 i\u00e7in kayak merkezine gidemedik. Kar ya\u011f\u0131\u015f\u0131n\u0131 \u00f6zlemi\u015ftik, minib\u00fcsten indik kartopu oynad\u0131k\u201d dedi.<\/p>\n\n\n\n<p>Devrim G\u00fcl ise kar ya\u011f\u0131\u015f\u0131na sevindiklerini ifade ederek, \u201cKar bereket, su demek. Su kaynaklar\u0131m\u0131z \u0130n\u015fallah dolar. Kayak merkezine gidiyorduk arac\u0131m\u0131z ar\u0131za yapt\u0131. Ama kar ya\u011fd\u0131\u011f\u0131 i\u00e7in mutluyuz. \u00c7ocuklarla birlikte kar\u0131n tad\u0131n\u0131 \u00e7\u0131kart\u0131yoruz\u201d diye konu\u015ftu.<\/p>\n\n\n\n<p>Yolda kalan vatanda\u015flar turizm firmas\u0131 taraf\u0131ndan tahsis edilen ba\u015fka bir ara\u00e7la kent merkezine geri d\u00f6n\u00fc\u015f yapt\u0131.<\/p>\n","protected":false},"excerpt":{"rendered":"<p>\u00a0 Tokatl\u0131 vatanda\u015flar kayak merkezine giderken minib\u00fcsleri ar\u0131za yapsa da bu durum karda e\u011flenmelerine engel olmad\u0131. Tokat&#8217;tan Sivas Y\u0131ld\u0131z Da\u011f\u0131 kayak merkezine gitmek i\u00e7in yola \u00e7\u0131kan tatilcileri ta\u015f\u0131yan minib\u00fcs \u00c7aml\u0131bel ge\u00e7idi yak\u0131nlar\u0131nda ar\u0131zaland\u0131. Yolcu minib\u00fcs\u00fcnde bulunan \u00e7ocuklar anne ve babalar\u0131 ile ara\u00e7tan inerek kar \u00f6zlemini gidermeye \u00e7al\u0131\u015ft\u0131. Bir s\u00fcredir kar ya\u011f\u0131\u015f\u0131n\u0131 hasret kalan \u00e7ocuklar doyas\u0131ya [&hellip;]<\/p>\n","protected":false},"author":2,"featured_media":430,"comment_status":"open","ping_status":"open","sticky":false,"template":"","format":"standard","meta":{"footnotes":""},"categories":[1],"tags":[],"class_list":["post-429","post","type-post","status-publish","format-standard","has-post-thumbnail","hentry","category-turhal-haberleri"],"_links":{"self":[{"href":"https:\/\/www.turhalhakimiyet.com\/index.php\/wp-json\/wp\/v2\/posts\/429","targetHints":{"allow":["GET"]}}],"collection":[{"href":"https:\/\/www.turhalhakimiyet.com\/index.php\/wp-json\/wp\/v2\/posts"}],"about":[{"href":"https:\/\/www.turhalhakimiyet.com\/index.php\/wp-json\/wp\/v2\/types\/post"}],"author":[{"embeddable":true,"href":"https:\/\/www.turhalhakimiyet.com\/index.php\/wp-json\/wp\/v2\/users\/2"}],"replies":[{"embeddable":true,"href":"https:\/\/www.turhalhakimiyet.com\/index.php\/wp-json\/wp\/v2\/comments?post=429"}],"version-history":[{"count":1,"href":"https:\/\/www.turhalhakimiyet.com\/index.php\/wp-json\/wp\/v2\/posts\/429\/revisions"}],"predecessor-version":[{"id":431,"href":"https:\/\/www.turhalhakimiyet.com\/index.php\/wp-json\/wp\/v2\/posts\/429\/revisions\/431"}],"wp:featuredmedia":[{"embeddable":true,"href":"https:\/\/www.turhalhakimiyet.com\/index.php\/wp-json\/wp\/v2\/media\/430"}],"wp:attachment":[{"href":"https:\/\/www.turhalhakimiyet.com\/index.php\/wp-json\/wp\/v2\/media?parent=429"}],"wp:term":[{"taxonomy":"category","embeddable":true,"href":"https:\/\/www.turhalhakimiyet.com\/index.php\/wp-json\/wp\/v2\/categories?post=429"},{"taxonomy":"post_tag","embeddable":true,"href":"https:\/\/www.turhalhakimiyet.com\/index.php\/wp-json\/wp\/v2\/tags?post=429"}],"curies":[{"name":"wp","href":"https:\/\/api.w.org\/{rel}","templated":true}]}}