{"id":434,"date":"2023-02-01T13:06:34","date_gmt":"2023-02-01T10:06:34","guid":{"rendered":"https:\/\/www.turhalhakimiyet.com\/?p=434"},"modified":"2023-02-01T13:06:34","modified_gmt":"2023-02-01T10:06:34","slug":"112yi-aradi-hastanede-kurtarilamadi","status":"publish","type":"post","link":"https:\/\/www.turhalhakimiyet.com\/index.php\/112yi-aradi-hastanede-kurtarilamadi\/","title":{"rendered":"112&#8217;yi arad\u0131, hastanede kurtar\u0131lamad\u0131"},"content":{"rendered":"\n<h3 class=\"wp-block-heading\">Tokat\u2019ta sa\u011fl\u0131k ekiplerini arayarak rahats\u0131zland\u0131\u011f\u0131 ihbar\u0131n\u0131 yapan \u015fah\u0131s, kald\u0131r\u0131ld\u0131\u011f\u0131 hastanede hayat\u0131n\u0131 kaybetti.<\/h3>\n\n\n\n<p>Tokat&#8217;ta sa\u011fl\u0131k ekiplerini arayarak rahats\u0131zland\u0131\u011f\u0131 ihbar\u0131n\u0131 yapan \u015fah\u0131s, kald\u0131r\u0131ld\u0131\u011f\u0131 hastanede hayat\u0131n\u0131 kaybetti.<\/p>\n\n\n\n<p>Edinilen bilgiye g\u00f6re, Erenler Mahallesi&#8217;nde bir s\u00fcredir yaln\u0131z ya\u015fad\u0131\u011f\u0131 \u00f6\u011frenilen \u0130hsan Demir (55), 112 Sa\u011fl\u0131k ekiplerini cep telefonuyla arayarak rahats\u0131zland\u0131\u011f\u0131n\u0131 s\u00f6yledi. \u0130hbar \u00fczerine k\u0131sa s\u00fcrede Demir&#8217;in ya\u015fad\u0131\u011f\u0131 eve ula\u015fan ekipler, m\u00fcdahalede bulundu. Tokat Gaziosmanpa\u015fa \u00dcniversitesi Sa\u011fl\u0131k Ara\u015ft\u0131rma ve Uygulama Hastanesine sevk edilen Demir, yap\u0131lan t\u00fcm m\u00fcdahalelere ra\u011fmen kurtar\u0131lamad\u0131. \u0130lk tespitlere g\u00f6re kalp krizinden hayat\u0131n\u0131 kaybetti\u011fi de\u011ferlendirilen \u015fahs\u0131n, geceleri bir \u00e7orbac\u0131da \u00e7al\u0131\u015ft\u0131\u011f\u0131 \u00f6\u011frenildi. Olay yerinde polis ekipleri incelemelerde bulundu. Evli ve 3 \u00e7ocuk babas\u0131 Demir&#8217;in cenazesi, otopsi yap\u0131lmak \u00fczere Tokat Devlet Hastanesi morguna kald\u0131r\u0131ld\u0131.<\/p>\n\n\n\n<p>Mahalle sakinlerinden Hayati Kaya, ya\u015fad\u0131\u011f\u0131 \u00fcz\u00fcnt\u00fcy\u00fc ifade ederek, &#8220;Ben kom\u015fusu oluyorum. \u00d6nceden de kalp rahats\u0131zl\u0131\u011f\u0131 bulunuyormu\u015f. Ambulans\u0131 kendi aram\u0131\u015f. Ambulansla hastaneye kald\u0131rm\u0131\u015flar ve hastanede vefat etmi\u015f. Ailesi Erzurum&#8217;dayd\u0131, burada tek kal\u0131yordu&#8221; dedi.<\/p>\n","protected":false},"excerpt":{"rendered":"<p>Tokat\u2019ta sa\u011fl\u0131k ekiplerini arayarak rahats\u0131zland\u0131\u011f\u0131 ihbar\u0131n\u0131 yapan \u015fah\u0131s, kald\u0131r\u0131ld\u0131\u011f\u0131 hastanede hayat\u0131n\u0131 kaybetti. Tokat&#8217;ta sa\u011fl\u0131k ekiplerini arayarak rahats\u0131zland\u0131\u011f\u0131 ihbar\u0131n\u0131 yapan \u015fah\u0131s, kald\u0131r\u0131ld\u0131\u011f\u0131 hastanede hayat\u0131n\u0131 kaybetti. Edinilen bilgiye g\u00f6re, Erenler Mahallesi&#8217;nde bir s\u00fcredir yaln\u0131z ya\u015fad\u0131\u011f\u0131 \u00f6\u011frenilen \u0130hsan Demir (55), 112 Sa\u011fl\u0131k ekiplerini cep telefonuyla arayarak rahats\u0131zland\u0131\u011f\u0131n\u0131 s\u00f6yledi. \u0130hbar \u00fczerine k\u0131sa s\u00fcrede Demir&#8217;in ya\u015fad\u0131\u011f\u0131 eve ula\u015fan ekipler, m\u00fcdahalede [&hellip;]<\/p>\n","protected":false},"author":2,"featured_media":435,"comment_status":"open","ping_status":"open","sticky":false,"template":"","format":"standard","meta":{"footnotes":""},"categories":[1],"tags":[],"class_list":["post-434","post","type-post","status-publish","format-standard","has-post-thumbnail","hentry","category-turhal-haberleri"],"_links":{"self":[{"href":"https:\/\/www.turhalhakimiyet.com\/index.php\/wp-json\/wp\/v2\/posts\/434","targetHints":{"allow":["GET"]}}],"collection":[{"href":"https:\/\/www.turhalhakimiyet.com\/index.php\/wp-json\/wp\/v2\/posts"}],"about":[{"href":"https:\/\/www.turhalhakimiyet.com\/index.php\/wp-json\/wp\/v2\/types\/post"}],"author":[{"embeddable":true,"href":"https:\/\/www.turhalhakimiyet.com\/index.php\/wp-json\/wp\/v2\/users\/2"}],"replies":[{"embeddable":true,"href":"https:\/\/www.turhalhakimiyet.com\/index.php\/wp-json\/wp\/v2\/comments?post=434"}],"version-history":[{"count":1,"href":"https:\/\/www.turhalhakimiyet.com\/index.php\/wp-json\/wp\/v2\/posts\/434\/revisions"}],"predecessor-version":[{"id":436,"href":"https:\/\/www.turhalhakimiyet.com\/index.php\/wp-json\/wp\/v2\/posts\/434\/revisions\/436"}],"wp:featuredmedia":[{"embeddable":true,"href":"https:\/\/www.turhalhakimiyet.com\/index.php\/wp-json\/wp\/v2\/media\/435"}],"wp:attachment":[{"href":"https:\/\/www.turhalhakimiyet.com\/index.php\/wp-json\/wp\/v2\/media?parent=434"}],"wp:term":[{"taxonomy":"category","embeddable":true,"href":"https:\/\/www.turhalhakimiyet.com\/index.php\/wp-json\/wp\/v2\/categories?post=434"},{"taxonomy":"post_tag","embeddable":true,"href":"https:\/\/www.turhalhakimiyet.com\/index.php\/wp-json\/wp\/v2\/tags?post=434"}],"curies":[{"name":"wp","href":"https:\/\/api.w.org\/{rel}","templated":true}]}}