{"id":438,"date":"2023-02-01T13:47:35","date_gmt":"2023-02-01T10:47:35","guid":{"rendered":"https:\/\/www.turhalhakimiyet.com\/?p=438"},"modified":"2023-02-01T13:48:05","modified_gmt":"2023-02-01T10:48:05","slug":"tokatta-63-koy-yolu-ulasma-kapandi","status":"publish","type":"post","link":"https:\/\/www.turhalhakimiyet.com\/index.php\/tokatta-63-koy-yolu-ulasma-kapandi\/","title":{"rendered":"Tokat&#8217;ta 63 k\u00f6y yolu ula\u015f\u0131ma kapand\u0131"},"content":{"rendered":"\n<p>Tokat&#8217;ta etkili olan kar ya\u011f\u0131\u015f\u0131 63 k\u00f6y yolunun ara\u00e7 ula\u015f\u0131m\u0131na kapanmas\u0131na neden oldu. \u0130l ve il\u00e7e \u00f6zel idaresi ekipleri kapanan yollar\u0131n a\u00e7\u0131lmas\u0131 i\u00e7in \u00e7al\u0131\u015fma ba\u015flatt\u0131. Tokat Valisi Numan Hatipo\u011flu, \u0130l \u00d6zel \u0130daresi Yol \u015eube M\u00fcd\u00fcrl\u00fc\u011f\u00fcn\u00fc ziyaret ederek g\u00f6revi ba\u015f\u0131ndaki personele i\u015flerinde kolayl\u0131klar diledi. Vali Hatipo\u011flu, karla m\u00fccadele ekiplerinin vatanda\u015f\u0131n ma\u011fdur olmamas\u0131 i\u00e7in g\u00f6revinin ba\u015f\u0131nda oldu\u011funu ifade ederek, \u201cKarla m\u00fccadele eylem plan\u0131 dahilinde her t\u00fcrl\u00fc olumsuz hava durumuna kar\u015f\u0131 ekiplerimiz 7 g\u00fcn 24 saat \u00e7al\u0131\u015facak. 150 personelimiz 80 ara\u00e7la karla m\u00fccadele \u00e7al\u0131\u015fmas\u0131 yapacak. Tokat&#8217;\u0131m\u0131za bereket ya\u011fmaya ba\u015flad\u0131. \u0130n\u015fallah topraklar\u0131m\u0131za can olur su olur \u00f6ncelikle bunu diliyoruz.\u201d dedi.<\/p>\n","protected":false},"excerpt":{"rendered":"<p>Tokat&#8217;ta etkili olan kar ya\u011f\u0131\u015f\u0131 63 k\u00f6y yolunun ara\u00e7 ula\u015f\u0131m\u0131na kapanmas\u0131na neden oldu. \u0130l ve il\u00e7e \u00f6zel idaresi ekipleri kapanan yollar\u0131n a\u00e7\u0131lmas\u0131 i\u00e7in \u00e7al\u0131\u015fma ba\u015flatt\u0131. Tokat Valisi Numan Hatipo\u011flu, \u0130l \u00d6zel \u0130daresi Yol \u015eube M\u00fcd\u00fcrl\u00fc\u011f\u00fcn\u00fc ziyaret ederek g\u00f6revi ba\u015f\u0131ndaki personele i\u015flerinde kolayl\u0131klar diledi. Vali Hatipo\u011flu, karla m\u00fccadele ekiplerinin vatanda\u015f\u0131n ma\u011fdur olmamas\u0131 i\u00e7in g\u00f6revinin ba\u015f\u0131nda oldu\u011funu [&hellip;]<\/p>\n","protected":false},"author":2,"featured_media":439,"comment_status":"open","ping_status":"open","sticky":false,"template":"","format":"standard","meta":{"footnotes":""},"categories":[1],"tags":[],"class_list":["post-438","post","type-post","status-publish","format-standard","has-post-thumbnail","hentry","category-turhal-haberleri"],"_links":{"self":[{"href":"https:\/\/www.turhalhakimiyet.com\/index.php\/wp-json\/wp\/v2\/posts\/438","targetHints":{"allow":["GET"]}}],"collection":[{"href":"https:\/\/www.turhalhakimiyet.com\/index.php\/wp-json\/wp\/v2\/posts"}],"about":[{"href":"https:\/\/www.turhalhakimiyet.com\/index.php\/wp-json\/wp\/v2\/types\/post"}],"author":[{"embeddable":true,"href":"https:\/\/www.turhalhakimiyet.com\/index.php\/wp-json\/wp\/v2\/users\/2"}],"replies":[{"embeddable":true,"href":"https:\/\/www.turhalhakimiyet.com\/index.php\/wp-json\/wp\/v2\/comments?post=438"}],"version-history":[{"count":2,"href":"https:\/\/www.turhalhakimiyet.com\/index.php\/wp-json\/wp\/v2\/posts\/438\/revisions"}],"predecessor-version":[{"id":441,"href":"https:\/\/www.turhalhakimiyet.com\/index.php\/wp-json\/wp\/v2\/posts\/438\/revisions\/441"}],"wp:featuredmedia":[{"embeddable":true,"href":"https:\/\/www.turhalhakimiyet.com\/index.php\/wp-json\/wp\/v2\/media\/439"}],"wp:attachment":[{"href":"https:\/\/www.turhalhakimiyet.com\/index.php\/wp-json\/wp\/v2\/media?parent=438"}],"wp:term":[{"taxonomy":"category","embeddable":true,"href":"https:\/\/www.turhalhakimiyet.com\/index.php\/wp-json\/wp\/v2\/categories?post=438"},{"taxonomy":"post_tag","embeddable":true,"href":"https:\/\/www.turhalhakimiyet.com\/index.php\/wp-json\/wp\/v2\/tags?post=438"}],"curies":[{"name":"wp","href":"https:\/\/api.w.org\/{rel}","templated":true}]}}