{"id":444,"date":"2023-02-02T10:45:40","date_gmt":"2023-02-02T07:45:40","guid":{"rendered":"https:\/\/www.turhalhakimiyet.com\/?p=444"},"modified":"2023-02-02T10:45:40","modified_gmt":"2023-02-02T07:45:40","slug":"il-ozel-idaresi-ekipleri-150-personel-ve-80-makine-ile-karla-mucadele-icin-gorev-basinda","status":"publish","type":"post","link":"https:\/\/www.turhalhakimiyet.com\/index.php\/il-ozel-idaresi-ekipleri-150-personel-ve-80-makine-ile-karla-mucadele-icin-gorev-basinda\/","title":{"rendered":"\u0130l \u00d6zel idaresi Ekipleri 150 Personel ve 80 Makine ile Karla M\u00fccadele \u0130\u00e7in G\u00f6rev Ba\u015f\u0131nda"},"content":{"rendered":"\n<p>Vali Numan Hatipo\u011flu, \u0130l \u00d6zel \u0130daresi karla m\u00fccadele ekiplerinin, kar ya\u011f\u0131\u015f\u0131ndan dolay\u0131 kapanan yollar\u0131n a\u00e7\u0131lmas\u0131 i\u00e7in<br>150 personel ve 80 arac\u0131n g\u00f6revi ba\u015f\u0131nda haz\u0131r oldu\u011funu s\u00f6yledi.<br>Tokat \u0130l \u00d6zel \u0130daresi Yol \u015eube M\u00fcd\u00fcrl\u00fc\u011f\u00fcn\u00fc ziyaret ederek g\u00f6revi ba\u015f\u0131ndaki personele i\u015flerinde kolayl\u0131klar dileyen Vali Hatipo\u011flu, \u201c\u0130limizde karla m\u00fccadelenin etkin bir<br>\u015fekilde y\u00fcr\u00fct\u00fclmesi ve<br>k\u0131rsalda ve k\u00f6ylerde ya\u015fayan vatanda\u015flar\u0131m\u0131z\u0131n ma\u011fdur olmamas\u0131 i\u00e7in \u00f6zel idaremiz karla m\u00fccadele ekipleri haz\u0131r hale getirildi. \u0130daremiz, haz\u0131rlanan karla m\u00fccadele eylem plan\u0131<br>kapsam\u0131nda her t\u00fcrl\u00fc olumsuz hava durumuna kar\u015f\u0131 7 g\u00fcn 24 saat<br>\u00e7al\u0131\u015facak. Tokat\u2019\u0131m\u0131za bereket ya\u011fmaya ba\u015flad\u0131. \u0130n\u015fallah topraklar\u0131m\u0131za can olur su olur \u00f6ncelikle bunu diliyoruz dedi. Karayollar\u0131 ekiplerinin ana yollar\u0131 a\u00e7arken il \u00f6zel idaresi ekiplerinin Tokat\u2019\u0131n 614 k\u00f6y\u00fc ve beldeleri de dahil olmak \u00fczere en \u00fccra k\u00f6ylere kadar ula\u015fmak i\u00e7in seferber olduklar\u0131n\u0131 ifade eden Vali Hatipo\u011flu, \u201cEkiplerimize Allah kaza bela g\u00f6stermesin diyoruz. \u0130n\u015fallah sa\u011fl\u0131kl\u0131, g\u00fczellikler i\u00e7erisinde bir k\u0131\u015f sezonunu ge\u00e7iririz, tamamlar\u0131z. Yollar\u0131m\u0131z\u0131 a\u00e7\u0131k tutmak i\u00e7in gece g\u00fcnd\u00fcz \u00e7al\u0131\u015facak olan bu arkada\u015flar\u0131m\u0131za da kolayl\u0131klar diliyorum. Te\u015fekk\u00fcr ediyorum.\u201d dedi.<br>Ziyarete \u0130l Genel Meclis ba\u015fkan\u0131 Erol Duyum ve<br>\u0130l \u00d6zel \u0130daresi Genel Sekreteri Recep G\u00f6k\u00e7e de kat\u0131ld\u0131.<\/p>\n","protected":false},"excerpt":{"rendered":"<p>Vali Numan Hatipo\u011flu, \u0130l \u00d6zel \u0130daresi karla m\u00fccadele ekiplerinin, kar ya\u011f\u0131\u015f\u0131ndan dolay\u0131 kapanan yollar\u0131n a\u00e7\u0131lmas\u0131 i\u00e7in150 personel ve 80 arac\u0131n g\u00f6revi ba\u015f\u0131nda haz\u0131r oldu\u011funu s\u00f6yledi.Tokat \u0130l \u00d6zel \u0130daresi Yol \u015eube M\u00fcd\u00fcrl\u00fc\u011f\u00fcn\u00fc ziyaret ederek g\u00f6revi ba\u015f\u0131ndaki personele i\u015flerinde kolayl\u0131klar dileyen Vali Hatipo\u011flu, \u201c\u0130limizde karla m\u00fccadelenin etkin bir\u015fekilde y\u00fcr\u00fct\u00fclmesi vek\u0131rsalda ve k\u00f6ylerde ya\u015fayan vatanda\u015flar\u0131m\u0131z\u0131n ma\u011fdur olmamas\u0131 i\u00e7in [&hellip;]<\/p>\n","protected":false},"author":2,"featured_media":445,"comment_status":"open","ping_status":"open","sticky":false,"template":"","format":"standard","meta":{"footnotes":""},"categories":[1],"tags":[],"class_list":["post-444","post","type-post","status-publish","format-standard","has-post-thumbnail","hentry","category-turhal-haberleri"],"_links":{"self":[{"href":"https:\/\/www.turhalhakimiyet.com\/index.php\/wp-json\/wp\/v2\/posts\/444","targetHints":{"allow":["GET"]}}],"collection":[{"href":"https:\/\/www.turhalhakimiyet.com\/index.php\/wp-json\/wp\/v2\/posts"}],"about":[{"href":"https:\/\/www.turhalhakimiyet.com\/index.php\/wp-json\/wp\/v2\/types\/post"}],"author":[{"embeddable":true,"href":"https:\/\/www.turhalhakimiyet.com\/index.php\/wp-json\/wp\/v2\/users\/2"}],"replies":[{"embeddable":true,"href":"https:\/\/www.turhalhakimiyet.com\/index.php\/wp-json\/wp\/v2\/comments?post=444"}],"version-history":[{"count":1,"href":"https:\/\/www.turhalhakimiyet.com\/index.php\/wp-json\/wp\/v2\/posts\/444\/revisions"}],"predecessor-version":[{"id":446,"href":"https:\/\/www.turhalhakimiyet.com\/index.php\/wp-json\/wp\/v2\/posts\/444\/revisions\/446"}],"wp:featuredmedia":[{"embeddable":true,"href":"https:\/\/www.turhalhakimiyet.com\/index.php\/wp-json\/wp\/v2\/media\/445"}],"wp:attachment":[{"href":"https:\/\/www.turhalhakimiyet.com\/index.php\/wp-json\/wp\/v2\/media?parent=444"}],"wp:term":[{"taxonomy":"category","embeddable":true,"href":"https:\/\/www.turhalhakimiyet.com\/index.php\/wp-json\/wp\/v2\/categories?post=444"},{"taxonomy":"post_tag","embeddable":true,"href":"https:\/\/www.turhalhakimiyet.com\/index.php\/wp-json\/wp\/v2\/tags?post=444"}],"curies":[{"name":"wp","href":"https:\/\/api.w.org\/{rel}","templated":true}]}}