{"id":456,"date":"2023-02-03T09:59:29","date_gmt":"2023-02-03T06:59:29","guid":{"rendered":"https:\/\/www.turhalhakimiyet.com\/?p=456"},"modified":"2023-02-03T09:59:29","modified_gmt":"2023-02-03T06:59:29","slug":"yaban-hayvanlari-unutulmadi","status":"publish","type":"post","link":"https:\/\/www.turhalhakimiyet.com\/index.php\/yaban-hayvanlari-unutulmadi\/","title":{"rendered":"Yaban hayvanlar\u0131 unutulmad\u0131"},"content":{"rendered":"\n<h3 class=\"wp-block-heading\">Tokat\u2019ta kar ya\u011f\u0131\u015f\u0131 sonucu yiyecek bulmakta zorlanan yaban hayvanlar\u0131na yem b\u0131rak\u0131ld\u0131.<\/h3>\n\n\n\n<p>Tokat&#8217;ta kar ya\u011f\u0131\u015f\u0131 sonucu yiyecek bulmakta zorlanan yaban hayvanlar\u0131na yem b\u0131rak\u0131ld\u0131.<\/p>\n\n\n\n<p>Do\u011fa Koruma ve Milli Parklar \u0130l M\u00fcd\u00fcrl\u00fc\u011f\u00fcnce yaban hayvanlar\u0131na yem deste\u011fi sa\u011flamak amac\u0131yla k\u0131\u015f ay\u0131nda besi yemi, ot-yonca ve yemek art\u0131klar\u0131 olmak \u00fczere 700 kilogram yem b\u0131rak\u0131ld\u0131. Top\u00e7am Da\u011f\u0131nda d\u00fczenlenen programda Vali Numan Hatipo\u011flu, yaban hayvanlar\u0131 i\u00e7in do\u011faya yem b\u0131rakt\u0131. Vali Hatipo\u011flu, a\u011f\u0131r k\u0131\u015f \u015fartlar\u0131ndan dolay\u0131 a\u00e7 kalan yaban hayvanlar\u0131n\u0131n yiyecek ihtiya\u00e7lar\u0131n\u0131n giderilmesi, yaban hayvanlar\u0131n\u0131n yerle\u015fim yerlerine yakla\u015farak can ve mal kay\u0131plar\u0131na sebep olmalar\u0131n\u0131n engellenmek amac\u0131yla yemleme yap\u0131ld\u0131\u011f\u0131n\u0131 kaydetti. A\u011f\u0131r k\u0131\u015f \u015fartlar\u0131nda yaban hayvanlar\u0131na destek olunmas\u0131n\u0131n biyolojik \u00e7e\u015fitlili\u011fin korunmas\u0131 a\u00e7\u0131s\u0131ndan \u00f6nem arz etti\u011fini ifade eden Vali Hatipo\u011flu, \u201cTop\u00e7am da\u011f\u0131nda yaban hayvanlar\u0131ndan kurt, tilki, karaca, ay\u0131 bulunmakta. Bu yaban hayvanlar\u0131n\u0131n hayatlar\u0131n\u0131 idame ettirebilmeleri do\u011fal denge i\u00e7in \u00f6nem ta\u015f\u0131makta. O nedenle bu faaliyeti icra ettik. Ayn\u0131 zamanda sokak hayvanlar\u0131na da yemleme yap\u0131l\u0131yor\u201d dedi.<\/p>\n","protected":false},"excerpt":{"rendered":"<p>Tokat\u2019ta kar ya\u011f\u0131\u015f\u0131 sonucu yiyecek bulmakta zorlanan yaban hayvanlar\u0131na yem b\u0131rak\u0131ld\u0131. Tokat&#8217;ta kar ya\u011f\u0131\u015f\u0131 sonucu yiyecek bulmakta zorlanan yaban hayvanlar\u0131na yem b\u0131rak\u0131ld\u0131. Do\u011fa Koruma ve Milli Parklar \u0130l M\u00fcd\u00fcrl\u00fc\u011f\u00fcnce yaban hayvanlar\u0131na yem deste\u011fi sa\u011flamak amac\u0131yla k\u0131\u015f ay\u0131nda besi yemi, ot-yonca ve yemek art\u0131klar\u0131 olmak \u00fczere 700 kilogram yem b\u0131rak\u0131ld\u0131. Top\u00e7am Da\u011f\u0131nda d\u00fczenlenen programda Vali Numan [&hellip;]<\/p>\n","protected":false},"author":2,"featured_media":457,"comment_status":"open","ping_status":"open","sticky":false,"template":"","format":"standard","meta":{"footnotes":""},"categories":[1],"tags":[],"class_list":["post-456","post","type-post","status-publish","format-standard","has-post-thumbnail","hentry","category-turhal-haberleri"],"_links":{"self":[{"href":"https:\/\/www.turhalhakimiyet.com\/index.php\/wp-json\/wp\/v2\/posts\/456","targetHints":{"allow":["GET"]}}],"collection":[{"href":"https:\/\/www.turhalhakimiyet.com\/index.php\/wp-json\/wp\/v2\/posts"}],"about":[{"href":"https:\/\/www.turhalhakimiyet.com\/index.php\/wp-json\/wp\/v2\/types\/post"}],"author":[{"embeddable":true,"href":"https:\/\/www.turhalhakimiyet.com\/index.php\/wp-json\/wp\/v2\/users\/2"}],"replies":[{"embeddable":true,"href":"https:\/\/www.turhalhakimiyet.com\/index.php\/wp-json\/wp\/v2\/comments?post=456"}],"version-history":[{"count":1,"href":"https:\/\/www.turhalhakimiyet.com\/index.php\/wp-json\/wp\/v2\/posts\/456\/revisions"}],"predecessor-version":[{"id":458,"href":"https:\/\/www.turhalhakimiyet.com\/index.php\/wp-json\/wp\/v2\/posts\/456\/revisions\/458"}],"wp:featuredmedia":[{"embeddable":true,"href":"https:\/\/www.turhalhakimiyet.com\/index.php\/wp-json\/wp\/v2\/media\/457"}],"wp:attachment":[{"href":"https:\/\/www.turhalhakimiyet.com\/index.php\/wp-json\/wp\/v2\/media?parent=456"}],"wp:term":[{"taxonomy":"category","embeddable":true,"href":"https:\/\/www.turhalhakimiyet.com\/index.php\/wp-json\/wp\/v2\/categories?post=456"},{"taxonomy":"post_tag","embeddable":true,"href":"https:\/\/www.turhalhakimiyet.com\/index.php\/wp-json\/wp\/v2\/tags?post=456"}],"curies":[{"name":"wp","href":"https:\/\/api.w.org\/{rel}","templated":true}]}}