{"id":475,"date":"2023-02-06T10:46:31","date_gmt":"2023-02-06T07:46:31","guid":{"rendered":"https:\/\/www.turhalhakimiyet.com\/?p=475"},"modified":"2023-02-06T10:46:31","modified_gmt":"2023-02-06T07:46:31","slug":"sp-lideri-karamollaogluna-tokattan-tepki","status":"publish","type":"post","link":"https:\/\/www.turhalhakimiyet.com\/index.php\/sp-lideri-karamollaogluna-tokattan-tepki\/","title":{"rendered":"SP Lideri Karamollao\u011flu&#8217;na Tokat&#8217;tan tepki"},"content":{"rendered":"\n<h3 class=\"wp-block-heading\">Tokat Belediye Ba\u015fkan\u0131 Ey\u00fcp Ero\u011flu, bir televizyon kanal\u0131nda Saadet Partisi (SP) Genel Ba\u015fkan\u0131 Temel Karamollao\u011flu\u2019nun \u201cUluslararas\u0131 Tokat Havaliman\u0131\u2019n\u0131n\u201d gereksiz bir yat\u0131r\u0131m oldu\u011funu s\u00f6ylemesine tepki g\u00f6sterdi.<\/h3>\n\n\n\n<p>Tokat Belediye Ba\u015fkan\u0131 Ey\u00fcp Ero\u011flu, bir televizyon kanal\u0131nda Saadet Partisi (SP) Genel Ba\u015fkan\u0131 Temel Karamollao\u011flu&#8217;nun \u201cUluslararas\u0131 Tokat Havaliman\u0131&#8217;n\u0131n\u201d gereksiz bir yat\u0131r\u0131m oldu\u011funu s\u00f6ylemesine tepki g\u00f6sterdi.<\/p>\n\n\n\n<p>Sosyal medya hesaplar\u0131ndan payla\u015f\u0131m yapan Ba\u015fkan Ero\u011flu, Uluslararas\u0131 Tokat Havaliman\u0131&#8217;n\u0131n \u015fehrin d\u00fcnyaya a\u00e7\u0131lan bir kap\u0131s\u0131 oldu\u011funa i\u015faret etti. SP Lideri Karamollao\u011flu&#8217;nun programda \u201cTokat Uluslararas\u0131 Havaliman\u0131&#8217;n\u0131n\u201d gereksiz bir yat\u0131r\u0131m oldu\u011fu y\u00f6n\u00fcndeki s\u00f6zlerine tepki g\u00f6steren Ba\u015fkan Ero\u011flu, \u201cTokat Havaliman\u0131&#8217;n\u0131n gereksiz oldu\u011fu a\u00e7\u0131klamas\u0131 mesnetsiz ve talihsiz bir a\u00e7\u0131klamad\u0131r. Tokat \u015fehrimizin bir yat\u0131r\u0131mdan yararlanmas\u0131ndan duyulan rahats\u0131zl\u0131k, b\u00fct\u00fcn hem\u015ferilerimizi rahats\u0131z eden bir a\u00e7\u0131klamad\u0131r. Neyden rahats\u0131z duyulmaktad\u0131r? Buradan kutsal topraklara hem\u015ferilerimizi u\u011furluyoruz. Tokat&#8217;a gelen yat\u0131r\u0131mc\u0131lar, turistler buradan \u015fehrimize ula\u015f\u0131yor. Hem\u015ferilerimiz buradan daha h\u0131zl\u0131 ve konforlu bir \u015fekilde gidecekleri \u015fehirlere ula\u015f\u0131yor. \u015eehrin geli\u015fmesinden, insanlar\u0131m\u0131z\u0131n rahat etmesinden mi rahats\u0131zl\u0131k duyuluyor?\u201c dedi.<\/p>\n\n\n\n<p>Havaliman\u0131&#8217;n\u0131n Tokat&#8217;\u0131n d\u00fcnyaya a\u00e7\u0131lan bir kap\u0131s\u0131 oldu\u011funu belirten Ba\u015fkan Ero\u011flu, \u201cGe\u00e7ti\u011fimiz g\u00fcnlerde hava muhalefeti sebebiyle Sivas Havaliman\u0131&#8217;na ini\u015f yapamayan u\u00e7aklar Tokat&#8217;a ini\u015f yapt\u0131. Bu durum Tokat Havaliman\u0131&#8217;n\u0131n Sivas \u015fehrimiz i\u00e7in de gerekli oldu\u011funun bir g\u00f6stergesidir\u201d diye konu\u015ftu. Tokat&#8217;\u0131n tar\u0131m, turizm ve sanayi ekseninde geli\u015fmesi i\u00e7in havaliman\u0131n\u0131n bir anahtar vazifesi g\u00f6rd\u00fc\u011f\u00fcn\u00fc ifade eden Ba\u015fkan Ero\u011flu \u201cBizler geli\u015fmi\u015f bir T\u00fcrkiye, muas\u0131r medeniyetler seviyesine \u00e7\u0131km\u0131\u015f bir T\u00fcrkiye hedeflerinde Tokat olarak var olaca\u011f\u0131z. Tokat Havaliman\u0131 b\u00fcy\u00fck Tokat ideallerinin bir anahtar\u0131d\u0131r. Bu anahtar gelece\u011fin kap\u0131s\u0131n\u0131 aralayan bir anahtard\u0131r. Tokat her t\u00fcrl\u00fc proje ve yat\u0131r\u0131mlarla ad\u0131ndan s\u00f6z ettirecek bir \u015fehirdir. Bizler bu motivasyon ve kararl\u0131l\u0131kla planlar\u0131m\u0131z\u0131 yap\u0131yor, \u00e7al\u0131\u015fmalar\u0131m\u0131z\u0131 ger\u00e7ekle\u015ftiriyoruz\u201d ifadelerini kulland\u0131.<\/p>\n","protected":false},"excerpt":{"rendered":"<p>Tokat Belediye Ba\u015fkan\u0131 Ey\u00fcp Ero\u011flu, bir televizyon kanal\u0131nda Saadet Partisi (SP) Genel Ba\u015fkan\u0131 Temel Karamollao\u011flu\u2019nun \u201cUluslararas\u0131 Tokat Havaliman\u0131\u2019n\u0131n\u201d gereksiz bir yat\u0131r\u0131m oldu\u011funu s\u00f6ylemesine tepki g\u00f6sterdi. Tokat Belediye Ba\u015fkan\u0131 Ey\u00fcp Ero\u011flu, bir televizyon kanal\u0131nda Saadet Partisi (SP) Genel Ba\u015fkan\u0131 Temel Karamollao\u011flu&#8217;nun \u201cUluslararas\u0131 Tokat Havaliman\u0131&#8217;n\u0131n\u201d gereksiz bir yat\u0131r\u0131m oldu\u011funu s\u00f6ylemesine tepki g\u00f6sterdi. Sosyal medya hesaplar\u0131ndan payla\u015f\u0131m yapan [&hellip;]<\/p>\n","protected":false},"author":2,"featured_media":476,"comment_status":"open","ping_status":"open","sticky":false,"template":"","format":"standard","meta":{"footnotes":""},"categories":[1],"tags":[],"class_list":["post-475","post","type-post","status-publish","format-standard","has-post-thumbnail","hentry","category-turhal-haberleri"],"_links":{"self":[{"href":"https:\/\/www.turhalhakimiyet.com\/index.php\/wp-json\/wp\/v2\/posts\/475","targetHints":{"allow":["GET"]}}],"collection":[{"href":"https:\/\/www.turhalhakimiyet.com\/index.php\/wp-json\/wp\/v2\/posts"}],"about":[{"href":"https:\/\/www.turhalhakimiyet.com\/index.php\/wp-json\/wp\/v2\/types\/post"}],"author":[{"embeddable":true,"href":"https:\/\/www.turhalhakimiyet.com\/index.php\/wp-json\/wp\/v2\/users\/2"}],"replies":[{"embeddable":true,"href":"https:\/\/www.turhalhakimiyet.com\/index.php\/wp-json\/wp\/v2\/comments?post=475"}],"version-history":[{"count":1,"href":"https:\/\/www.turhalhakimiyet.com\/index.php\/wp-json\/wp\/v2\/posts\/475\/revisions"}],"predecessor-version":[{"id":477,"href":"https:\/\/www.turhalhakimiyet.com\/index.php\/wp-json\/wp\/v2\/posts\/475\/revisions\/477"}],"wp:featuredmedia":[{"embeddable":true,"href":"https:\/\/www.turhalhakimiyet.com\/index.php\/wp-json\/wp\/v2\/media\/476"}],"wp:attachment":[{"href":"https:\/\/www.turhalhakimiyet.com\/index.php\/wp-json\/wp\/v2\/media?parent=475"}],"wp:term":[{"taxonomy":"category","embeddable":true,"href":"https:\/\/www.turhalhakimiyet.com\/index.php\/wp-json\/wp\/v2\/categories?post=475"},{"taxonomy":"post_tag","embeddable":true,"href":"https:\/\/www.turhalhakimiyet.com\/index.php\/wp-json\/wp\/v2\/tags?post=475"}],"curies":[{"name":"wp","href":"https:\/\/api.w.org\/{rel}","templated":true}]}}