{"id":479,"date":"2023-02-06T10:47:57","date_gmt":"2023-02-06T07:47:57","guid":{"rendered":"https:\/\/www.turhalhakimiyet.com\/?p=479"},"modified":"2023-02-06T10:47:57","modified_gmt":"2023-02-06T07:47:57","slug":"karda-gures-tuttular-soguk-havaya-meydan-okudular","status":"publish","type":"post","link":"https:\/\/www.turhalhakimiyet.com\/index.php\/karda-gures-tuttular-soguk-havaya-meydan-okudular\/","title":{"rendered":"Karda g\u00fcre\u015f tuttular, so\u011fuk havaya meydan okudular"},"content":{"rendered":"\n<h3 class=\"wp-block-heading\">Tokat\u2019\u0131n Ba\u015f\u00e7iftlik il\u00e7esinde yap\u0131lan \u015fenliklerde eksi 7 derece kar \u00fczerinde g\u00fcre\u015f tutan sporcular adeta so\u011fuk havaya meydan okudu.<\/h3>\n\n\n\n<p>Tokat&#8217;\u0131n Ba\u015f\u00e7iftlik il\u00e7esinde yap\u0131lan \u015fenliklerde eksi 7 derece kar \u00fczerinde g\u00fcre\u015f tutan sporcular adeta so\u011fuk havaya meydan okudu.<\/p>\n\n\n\n<p>Tokat&#8217;\u0131n Ba\u015f\u00e7iftlik il\u00e7esinde 8.&#8217;ncisi d\u00fczenlenen kar \u015fenlikleri renkli g\u00f6r\u00fcnt\u00fclere sahne oldu. Bin 600 rak\u0131ml\u0131 Saman Da\u011f\u0131&#8217;n\u0131n eteklerindeki kayak merkezinde yap\u0131lan \u015fenliklere 7&#8217;den 70&#8217;e kayak sevenler yo\u011fun ilgi g\u00f6sterdi. \u015eenliklerin a\u00e7\u0131l\u0131\u015f program\u0131n\u0131n ard\u0131ndan karda g\u00fcre\u015f yap\u0131ld\u0131. Eksi 7 derecede g\u00fcre\u015fen sporcular\u0131 vatanda\u015flar ilgi ile izledi. Sporcular g\u00fcre\u015fe ba\u015flad\u0131ktan sonra so\u011fu\u011fu hissetmedi\u011fini kaydetti. Karda g\u00fcre\u015f tutan sporculardan Mehmet Sar\u0131, kar ya\u011f\u0131\u015f\u0131 alt\u0131nda yap\u0131lan g\u00fcre\u015flerin pop\u00fcler olmaya ba\u015flad\u0131\u011f\u0131n\u0131 ifade ederek, \u201cKar \u00fczerinde ilk etapta g\u00fcre\u015firken so\u011fu\u011fu hissediyorsunuz ama g\u00fcre\u015f yaparak \u0131s\u0131nd\u0131k\u00e7a hissetmemeye ba\u015fl\u0131yor\u201d dedi.<\/p>\n\n\n\n<p>Kendi yapt\u0131\u011f\u0131 k\u0131zakla kayak yapan Sabri K\u0131l\u0131n\u00e7 (70) ya\u015fad\u0131\u011f\u0131 heyecan\u0131 ifade ederek, \u201cKendi kaya\u011f\u0131m\u0131 kendim yap\u0131yorum, marangozum. \u015eenliklerde k\u0131zak yapmaya geldi. \u00c7ocuklu\u011fumdan beri kayak yapt\u0131\u011f\u0131m i\u00e7in bu ya\u015f\u0131mda kayak yapmak benim i\u00e7in tehlikeli de\u011fil\u201d diye konu\u015ftu.<\/p>\n","protected":false},"excerpt":{"rendered":"<p>Tokat\u2019\u0131n Ba\u015f\u00e7iftlik il\u00e7esinde yap\u0131lan \u015fenliklerde eksi 7 derece kar \u00fczerinde g\u00fcre\u015f tutan sporcular adeta so\u011fuk havaya meydan okudu. Tokat&#8217;\u0131n Ba\u015f\u00e7iftlik il\u00e7esinde yap\u0131lan \u015fenliklerde eksi 7 derece kar \u00fczerinde g\u00fcre\u015f tutan sporcular adeta so\u011fuk havaya meydan okudu. Tokat&#8217;\u0131n Ba\u015f\u00e7iftlik il\u00e7esinde 8.&#8217;ncisi d\u00fczenlenen kar \u015fenlikleri renkli g\u00f6r\u00fcnt\u00fclere sahne oldu. Bin 600 rak\u0131ml\u0131 Saman Da\u011f\u0131&#8217;n\u0131n eteklerindeki kayak merkezinde [&hellip;]<\/p>\n","protected":false},"author":2,"featured_media":480,"comment_status":"open","ping_status":"open","sticky":false,"template":"","format":"standard","meta":{"footnotes":""},"categories":[1],"tags":[],"class_list":["post-479","post","type-post","status-publish","format-standard","has-post-thumbnail","hentry","category-turhal-haberleri"],"_links":{"self":[{"href":"https:\/\/www.turhalhakimiyet.com\/index.php\/wp-json\/wp\/v2\/posts\/479","targetHints":{"allow":["GET"]}}],"collection":[{"href":"https:\/\/www.turhalhakimiyet.com\/index.php\/wp-json\/wp\/v2\/posts"}],"about":[{"href":"https:\/\/www.turhalhakimiyet.com\/index.php\/wp-json\/wp\/v2\/types\/post"}],"author":[{"embeddable":true,"href":"https:\/\/www.turhalhakimiyet.com\/index.php\/wp-json\/wp\/v2\/users\/2"}],"replies":[{"embeddable":true,"href":"https:\/\/www.turhalhakimiyet.com\/index.php\/wp-json\/wp\/v2\/comments?post=479"}],"version-history":[{"count":1,"href":"https:\/\/www.turhalhakimiyet.com\/index.php\/wp-json\/wp\/v2\/posts\/479\/revisions"}],"predecessor-version":[{"id":481,"href":"https:\/\/www.turhalhakimiyet.com\/index.php\/wp-json\/wp\/v2\/posts\/479\/revisions\/481"}],"wp:featuredmedia":[{"embeddable":true,"href":"https:\/\/www.turhalhakimiyet.com\/index.php\/wp-json\/wp\/v2\/media\/480"}],"wp:attachment":[{"href":"https:\/\/www.turhalhakimiyet.com\/index.php\/wp-json\/wp\/v2\/media?parent=479"}],"wp:term":[{"taxonomy":"category","embeddable":true,"href":"https:\/\/www.turhalhakimiyet.com\/index.php\/wp-json\/wp\/v2\/categories?post=479"},{"taxonomy":"post_tag","embeddable":true,"href":"https:\/\/www.turhalhakimiyet.com\/index.php\/wp-json\/wp\/v2\/tags?post=479"}],"curies":[{"name":"wp","href":"https:\/\/api.w.org\/{rel}","templated":true}]}}