{"id":483,"date":"2023-02-06T10:50:21","date_gmt":"2023-02-06T07:50:21","guid":{"rendered":"https:\/\/www.turhalhakimiyet.com\/?p=483"},"modified":"2023-02-06T10:50:21","modified_gmt":"2023-02-06T07:50:21","slug":"modern-kayagin-atasi-olarak-gosteriliyor-tasarimi-ile-dikkat-cekiyor","status":"publish","type":"post","link":"https:\/\/www.turhalhakimiyet.com\/index.php\/modern-kayagin-atasi-olarak-gosteriliyor-tasarimi-ile-dikkat-cekiyor\/","title":{"rendered":"Modern kaya\u011f\u0131n atas\u0131 olarak g\u00f6steriliyor, tasar\u0131m\u0131 ile dikkat \u00e7ekiyor"},"content":{"rendered":"\n<h3 class=\"wp-block-heading\">Tokat\u2019ta modern kayak tak\u0131mlar\u0131n\u0131n atas\u0131 olarak g\u00f6sterilen ipli kayak tak\u0131m\u0131 farkl\u0131 tasar\u0131m\u0131 ile dikkat \u00e7ekiyor.<\/h3>\n\n\n\n<p>Tokat&#8217;ta modern kayak tak\u0131mlar\u0131n\u0131n atas\u0131 olarak g\u00f6sterilen ipli kayak tak\u0131m\u0131 farkl\u0131 tasar\u0131m\u0131 ile dikkat \u00e7ekiyor.<\/p>\n\n\n\n<p>Tokat&#8217;ta yo\u011fun kar ya\u011f\u0131\u015f\u0131 alan Ba\u015f\u00e7iftlik il\u00e7esinde uzun y\u0131llar ula\u015f\u0131m arac\u0131 olarak kullan\u0131lan ipli kayak tak\u0131mlar\u0131 g\u00fcn\u00fcm\u00fczde e\u011flence arac\u0131 olarak kullan\u0131l\u0131yor. Kay\u0131n a\u011fac\u0131ndan yap\u0131lan kayak tak\u0131m\u0131nda kara lastik ayakkab\u0131dan ayak takma yeri bulunuyor. Kayakta denge ve y\u00f6n vermede ise baton yerine kayaklar\u0131n ucuna ba\u011flan\u0131lan ip kullan\u0131l\u0131yor. Y\u00f6re sakinlerinin &#8216;ipli kayak&#8217; ad\u0131n\u0131 verdikleri kayak tak\u0131mlar\u0131n\u0131 kullanmak ustal\u0131k gerektiriyor. Bir ba\u015fka ilde e\u015fi benzeri olmayan kayak tak\u0131mlar\u0131 modern kaya\u011f\u0131n atas\u0131 olarak g\u00f6steriliyor.<\/p>\n\n\n\n<p>Ba\u015f\u00e7iftlik Belediye Ba\u015fkan\u0131 Murat Tun\u00e7el, ipli kayak tak\u0131mlar\u0131n\u0131n atalar\u0131ndan kalan bir de\u011fer oldu\u011funu s\u00f6yledi. Modern kayaklardan \u00f6nce bu kayak tak\u0131mlar\u0131n\u0131n icat edilmi\u015f olabilece\u011fini ifade eden Ba\u015fkan Tun\u00e7el, \u201c\u0130pli kayak tak\u0131mlar\u0131 ula\u015f\u0131m, spor arac\u0131 olarak kullan\u0131lm\u0131\u015f. Bu gelenek bir as\u0131rd\u0131r devam etmekte. Bundan sonrada devam edecek. 2014 y\u0131l\u0131ndan itibaren kayak merkezinin kurulmas\u0131 ile birlikte hem ipli kayak hem de profesyonel kayakla kayak yapmaya devam ediliyor. \u0130pli kaya\u011f\u0131 kullananlar profesyonel kaya\u011f\u0131 rahat kullanmakta. Bu kayaklarla kaymak belki de profesyonel kayakla kaymaktan daha zevkli. Bizim a\u00e7\u0131m\u0131zdan ipli kaya\u011f\u0131 kullanmak kolay ama profesyonel kayak tak\u0131mlar\u0131n\u0131 kullananlar i\u00e7in zor\u201d dedi.<\/p>\n\n\n\n<p>Ba\u015fkan Tun\u00e7el, ipli kaya\u011f\u0131n ezilmemi\u015f karda kullan\u0131labildi\u011fini il\u00e7eye \u00f6zel bir de\u011fer oldu\u011funu s\u00f6zlerine ekledi.<\/p>\n","protected":false},"excerpt":{"rendered":"<p>Tokat\u2019ta modern kayak tak\u0131mlar\u0131n\u0131n atas\u0131 olarak g\u00f6sterilen ipli kayak tak\u0131m\u0131 farkl\u0131 tasar\u0131m\u0131 ile dikkat \u00e7ekiyor. Tokat&#8217;ta modern kayak tak\u0131mlar\u0131n\u0131n atas\u0131 olarak g\u00f6sterilen ipli kayak tak\u0131m\u0131 farkl\u0131 tasar\u0131m\u0131 ile dikkat \u00e7ekiyor. Tokat&#8217;ta yo\u011fun kar ya\u011f\u0131\u015f\u0131 alan Ba\u015f\u00e7iftlik il\u00e7esinde uzun y\u0131llar ula\u015f\u0131m arac\u0131 olarak kullan\u0131lan ipli kayak tak\u0131mlar\u0131 g\u00fcn\u00fcm\u00fczde e\u011flence arac\u0131 olarak kullan\u0131l\u0131yor. Kay\u0131n a\u011fac\u0131ndan yap\u0131lan kayak [&hellip;]<\/p>\n","protected":false},"author":2,"featured_media":484,"comment_status":"open","ping_status":"open","sticky":false,"template":"","format":"standard","meta":{"footnotes":""},"categories":[1],"tags":[],"class_list":["post-483","post","type-post","status-publish","format-standard","has-post-thumbnail","hentry","category-turhal-haberleri"],"_links":{"self":[{"href":"https:\/\/www.turhalhakimiyet.com\/index.php\/wp-json\/wp\/v2\/posts\/483","targetHints":{"allow":["GET"]}}],"collection":[{"href":"https:\/\/www.turhalhakimiyet.com\/index.php\/wp-json\/wp\/v2\/posts"}],"about":[{"href":"https:\/\/www.turhalhakimiyet.com\/index.php\/wp-json\/wp\/v2\/types\/post"}],"author":[{"embeddable":true,"href":"https:\/\/www.turhalhakimiyet.com\/index.php\/wp-json\/wp\/v2\/users\/2"}],"replies":[{"embeddable":true,"href":"https:\/\/www.turhalhakimiyet.com\/index.php\/wp-json\/wp\/v2\/comments?post=483"}],"version-history":[{"count":1,"href":"https:\/\/www.turhalhakimiyet.com\/index.php\/wp-json\/wp\/v2\/posts\/483\/revisions"}],"predecessor-version":[{"id":485,"href":"https:\/\/www.turhalhakimiyet.com\/index.php\/wp-json\/wp\/v2\/posts\/483\/revisions\/485"}],"wp:featuredmedia":[{"embeddable":true,"href":"https:\/\/www.turhalhakimiyet.com\/index.php\/wp-json\/wp\/v2\/media\/484"}],"wp:attachment":[{"href":"https:\/\/www.turhalhakimiyet.com\/index.php\/wp-json\/wp\/v2\/media?parent=483"}],"wp:term":[{"taxonomy":"category","embeddable":true,"href":"https:\/\/www.turhalhakimiyet.com\/index.php\/wp-json\/wp\/v2\/categories?post=483"},{"taxonomy":"post_tag","embeddable":true,"href":"https:\/\/www.turhalhakimiyet.com\/index.php\/wp-json\/wp\/v2\/tags?post=483"}],"curies":[{"name":"wp","href":"https:\/\/api.w.org\/{rel}","templated":true}]}}