{"id":494,"date":"2023-02-06T13:23:19","date_gmt":"2023-02-06T10:23:19","guid":{"rendered":"https:\/\/www.turhalhakimiyet.com\/?p=494"},"modified":"2023-02-06T13:23:19","modified_gmt":"2023-02-06T10:23:19","slug":"tokattan-deprem-bolgesine-15-kisilik-arama-kurtarma-ekibi-sevk-edildi","status":"publish","type":"post","link":"https:\/\/www.turhalhakimiyet.com\/index.php\/tokattan-deprem-bolgesine-15-kisilik-arama-kurtarma-ekibi-sevk-edildi\/","title":{"rendered":"Tokat&#8217;tan deprem b\u00f6lgesine 15 ki\u015filik arama kurtarma ekibi sevk edildi"},"content":{"rendered":"\n<h3 class=\"wp-block-heading\">Tokat\u2019tan deprem b\u00f6lgesine 15 ki\u015filik arama kurtarma ekibi sevk edildi.<\/h3>\n\n\n\n<p>Tokat&#8217;tan deprem b\u00f6lgesine 15 ki\u015filik arama kurtarma ekibi sevk edildi.<\/p>\n\n\n\n<p>Kahramanmara\u015f&#8217;\u0131n Pazarc\u0131k il\u00e7esinde meydana gelen 7.4 b\u00fcy\u00fckl\u00fc\u011f\u00fcndeki deprem bir\u00e7ok ilde oldu\u011fu gibi Tokat&#8217;ta da hissedildi. Depremde Tokat&#8217;ta y\u0131k\u0131m veya g\u00f6\u00e7\u00fck ya\u015fanmad\u0131. Tokat&#8217;tan deprem b\u00f6lgesine AFAD ekibinden 3 ara\u00e7, 15 ki\u015fiden olu\u015fan arama ve kurtarma ekibi Kahramanmara\u015f&#8217;a y\u00f6nlendirildi. 2 UMKE arac\u0131 10 personel Ad\u0131yaman&#8217;a, 27 K\u0131z\u0131lay g\u00f6n\u00fcll\u00fcs\u00fc Malatya&#8217;ya g\u00f6nderildi. Ayr\u0131ca 2 t\u0131r, 2 otob\u00fcs, 2 ekskavat\u00f6r deprem b\u00f6lgesine hareket etti\u011fi bildirildi.<\/p>\n\n\n\n<p>Tokat Valisi Numan Hatipo\u011flu ba\u015fkanl\u0131\u011f\u0131nda AFAD kriz merkezinde de\u011ferlendirme yap\u0131ld\u0131. Yap\u0131lan a\u00e7\u0131klamada Tokat&#8217;ta \u015fu ana kadar herhangi bir olumsuz durum tespit edilmedi\u011fi, ekiplerin sahada tarama faaliyetlerini s\u00fcrd\u00fcrmekte oldu\u011fu bildirildi. Vali Hatipo\u011flu, AFAD Kriz Merkezinde ilgili kurum m\u00fcd\u00fcrleri ile birlikte koordinasyon ve teyakkuz halinde olduklar\u0131n\u0131 kaydetti.<\/p>\n","protected":false},"excerpt":{"rendered":"<p>Tokat\u2019tan deprem b\u00f6lgesine 15 ki\u015filik arama kurtarma ekibi sevk edildi. Tokat&#8217;tan deprem b\u00f6lgesine 15 ki\u015filik arama kurtarma ekibi sevk edildi. Kahramanmara\u015f&#8217;\u0131n Pazarc\u0131k il\u00e7esinde meydana gelen 7.4 b\u00fcy\u00fckl\u00fc\u011f\u00fcndeki deprem bir\u00e7ok ilde oldu\u011fu gibi Tokat&#8217;ta da hissedildi. Depremde Tokat&#8217;ta y\u0131k\u0131m veya g\u00f6\u00e7\u00fck ya\u015fanmad\u0131. Tokat&#8217;tan deprem b\u00f6lgesine AFAD ekibinden 3 ara\u00e7, 15 ki\u015fiden olu\u015fan arama ve kurtarma ekibi [&hellip;]<\/p>\n","protected":false},"author":2,"featured_media":495,"comment_status":"open","ping_status":"open","sticky":false,"template":"","format":"standard","meta":{"footnotes":""},"categories":[1],"tags":[],"class_list":["post-494","post","type-post","status-publish","format-standard","has-post-thumbnail","hentry","category-turhal-haberleri"],"_links":{"self":[{"href":"https:\/\/www.turhalhakimiyet.com\/index.php\/wp-json\/wp\/v2\/posts\/494","targetHints":{"allow":["GET"]}}],"collection":[{"href":"https:\/\/www.turhalhakimiyet.com\/index.php\/wp-json\/wp\/v2\/posts"}],"about":[{"href":"https:\/\/www.turhalhakimiyet.com\/index.php\/wp-json\/wp\/v2\/types\/post"}],"author":[{"embeddable":true,"href":"https:\/\/www.turhalhakimiyet.com\/index.php\/wp-json\/wp\/v2\/users\/2"}],"replies":[{"embeddable":true,"href":"https:\/\/www.turhalhakimiyet.com\/index.php\/wp-json\/wp\/v2\/comments?post=494"}],"version-history":[{"count":1,"href":"https:\/\/www.turhalhakimiyet.com\/index.php\/wp-json\/wp\/v2\/posts\/494\/revisions"}],"predecessor-version":[{"id":496,"href":"https:\/\/www.turhalhakimiyet.com\/index.php\/wp-json\/wp\/v2\/posts\/494\/revisions\/496"}],"wp:featuredmedia":[{"embeddable":true,"href":"https:\/\/www.turhalhakimiyet.com\/index.php\/wp-json\/wp\/v2\/media\/495"}],"wp:attachment":[{"href":"https:\/\/www.turhalhakimiyet.com\/index.php\/wp-json\/wp\/v2\/media?parent=494"}],"wp:term":[{"taxonomy":"category","embeddable":true,"href":"https:\/\/www.turhalhakimiyet.com\/index.php\/wp-json\/wp\/v2\/categories?post=494"},{"taxonomy":"post_tag","embeddable":true,"href":"https:\/\/www.turhalhakimiyet.com\/index.php\/wp-json\/wp\/v2\/tags?post=494"}],"curies":[{"name":"wp","href":"https:\/\/api.w.org\/{rel}","templated":true}]}}