{"id":497,"date":"2023-02-06T13:55:02","date_gmt":"2023-02-06T10:55:02","guid":{"rendered":"https:\/\/www.turhalhakimiyet.com\/?p=497"},"modified":"2023-02-08T13:30:31","modified_gmt":"2023-02-08T10:30:31","slug":"vali-hatipoglu-adiyamanda-gorevlendirildi","status":"publish","type":"post","link":"https:\/\/www.turhalhakimiyet.com\/index.php\/vali-hatipoglu-adiyamanda-gorevlendirildi\/","title":{"rendered":"Vali HAT\u0130PO\u011eLU Ad\u0131yaman&#8217;da g\u00f6revlendirildi"},"content":{"rendered":"\n<p>7,4 b\u00fcy\u00fckl\u00fc\u011f\u00fcndeki depremin ard\u0131ndan Tokat Valisi Numan Hatipo\u011flu koordinasyona destek sa\u011flamak \u00fczere Ad\u0131yaman G\u00f6lba\u015f\u0131&#8217;na g\u00f6revlendirildi. Ayr\u0131ca Tokat MEM&#8217;den 25 ki\u015filik e\u011fitimli ekip de Ad\u0131yaman&#8217;a gitmek \u00fczere yola \u00e7\u0131kt\u0131.B\u00f6lgede koordinasyona&nbsp; destek&nbsp;sa\u011flamak \u00fczere; Kahramanmara\u015f\u2019a Kayseri Valisi, Hatay\u2019a Mersin Valisi, Gaziantep\u2019e Mardin Valisi, Ad\u0131yaman\u2019a Tokat Valisi Numan Hatipo\u011flu, Tunceli Valisi, Osmaniye\u2019ye Bing\u00f6l Valisi ve Malatya\u2019ya Sivas Valisi g\u00f6revlendirildi.Afet ve acil durumlar i\u00e7in e\u011fitimlerini tamamlayan ve haz\u0131r bekleyen&nbsp; \u00f6\u011fretmen &nbsp;ve Tokat \u0130l Milli E\u011fitim M\u00fcd\u00fcrl\u00fc\u011f\u00fc personellerinden olu\u015fan 25 ki\u015filik TOKAT MEM AKUB ekibi, deprem b\u00f6lgelerindeki arama kurtarma \u00e7al\u0131\u015fmalar\u0131na kat\u0131lmak \u00fczere Ad\u0131yaman&#8217;a hareket etti.<\/p>\n","protected":false},"excerpt":{"rendered":"<p>7,4 b\u00fcy\u00fckl\u00fc\u011f\u00fcndeki depremin ard\u0131ndan Tokat Valisi Numan Hatipo\u011flu koordinasyona destek sa\u011flamak \u00fczere Ad\u0131yaman G\u00f6lba\u015f\u0131&#8217;na g\u00f6revlendirildi. Ayr\u0131ca Tokat MEM&#8217;den 25 ki\u015filik e\u011fitimli ekip de Ad\u0131yaman&#8217;a gitmek \u00fczere yola \u00e7\u0131kt\u0131.B\u00f6lgede koordinasyona&nbsp; destek&nbsp;sa\u011flamak \u00fczere; Kahramanmara\u015f\u2019a Kayseri Valisi, Hatay\u2019a Mersin Valisi, Gaziantep\u2019e Mardin Valisi, Ad\u0131yaman\u2019a Tokat Valisi Numan Hatipo\u011flu, Tunceli Valisi, Osmaniye\u2019ye Bing\u00f6l Valisi ve Malatya\u2019ya Sivas Valisi g\u00f6revlendirildi.Afet [&hellip;]<\/p>\n","protected":false},"author":2,"featured_media":498,"comment_status":"open","ping_status":"open","sticky":false,"template":"","format":"standard","meta":{"footnotes":""},"categories":[1],"tags":[],"class_list":["post-497","post","type-post","status-publish","format-standard","has-post-thumbnail","hentry","category-turhal-haberleri"],"_links":{"self":[{"href":"https:\/\/www.turhalhakimiyet.com\/index.php\/wp-json\/wp\/v2\/posts\/497","targetHints":{"allow":["GET"]}}],"collection":[{"href":"https:\/\/www.turhalhakimiyet.com\/index.php\/wp-json\/wp\/v2\/posts"}],"about":[{"href":"https:\/\/www.turhalhakimiyet.com\/index.php\/wp-json\/wp\/v2\/types\/post"}],"author":[{"embeddable":true,"href":"https:\/\/www.turhalhakimiyet.com\/index.php\/wp-json\/wp\/v2\/users\/2"}],"replies":[{"embeddable":true,"href":"https:\/\/www.turhalhakimiyet.com\/index.php\/wp-json\/wp\/v2\/comments?post=497"}],"version-history":[{"count":3,"href":"https:\/\/www.turhalhakimiyet.com\/index.php\/wp-json\/wp\/v2\/posts\/497\/revisions"}],"predecessor-version":[{"id":562,"href":"https:\/\/www.turhalhakimiyet.com\/index.php\/wp-json\/wp\/v2\/posts\/497\/revisions\/562"}],"wp:featuredmedia":[{"embeddable":true,"href":"https:\/\/www.turhalhakimiyet.com\/index.php\/wp-json\/wp\/v2\/media\/498"}],"wp:attachment":[{"href":"https:\/\/www.turhalhakimiyet.com\/index.php\/wp-json\/wp\/v2\/media?parent=497"}],"wp:term":[{"taxonomy":"category","embeddable":true,"href":"https:\/\/www.turhalhakimiyet.com\/index.php\/wp-json\/wp\/v2\/categories?post=497"},{"taxonomy":"post_tag","embeddable":true,"href":"https:\/\/www.turhalhakimiyet.com\/index.php\/wp-json\/wp\/v2\/tags?post=497"}],"curies":[{"name":"wp","href":"https:\/\/api.w.org\/{rel}","templated":true}]}}