{"id":50,"date":"2021-03-15T15:36:23","date_gmt":"2021-03-15T12:36:23","guid":{"rendered":"http:\/\/www.turhalhakimiyet.com\/?p=50"},"modified":"2021-03-15T15:36:23","modified_gmt":"2021-03-15T12:36:23","slug":"erbaali-sporculardan-buyuk-basari","status":"publish","type":"post","link":"https:\/\/www.turhalhakimiyet.com\/index.php\/erbaali-sporculardan-buyuk-basari\/","title":{"rendered":"Erbaal\u0131 sporculardan b\u00fcy\u00fck ba\u015far\u0131"},"content":{"rendered":"\n<p>Erbaa Belediyesi kros tak\u0131m\u0131 belediyeler aras\u0131 salon atletizm yar\u0131\u015fmalar\u0131nda T\u00fcrkiye ikincisi oldu.<br>Erbaa Belediyesi Kros tak\u0131m\u0131 d\u00fcn \u0130stanbul\u2019da d\u00fczenlenen belediyeler salon atletizm yar\u0131\u015fmalar\u0131nda ikinci oldu. U20 kategorisinde 400 metre, y\u00fcksek atlama ve g\u00fclle atmada Davut Zorlu\u011fu, Atilla G\u00f6ktu\u011f Ta\u015fdelen ve Melih G\u00f6kalp ile 1\u2019inci olan Erbaa Belediyesi tak\u0131m\u0131, 60 metre ve uzun atlamada Hasan \u00c7a\u011fr\u0131 Akan ve Abdulkadir Ate\u015f ile 3\u2019\u00fcnc\u00fcl\u00fck elde etti. Tak\u0131m genel puanlamada T\u00fcrkiye 2\u2019incisi olmay\u0131 ba\u015fard\u0131.<br>T\u00fcrkiye ikincisi olan kros tak\u0131m\u0131n\u0131 tebrik eden Erbaa Belediye Ba\u015fkan\u0131 Ertu\u011frul Karag\u00f6l \u201cTak\u0131m\u0131m\u0131z 3 birincilik 2 \u00fc\u00e7\u00fcnc\u00fcl\u00fck elde ederek bizleri gururland\u0131rd\u0131. Kendilerini tebrik ediyorum. Ba\u015fta futbol olmak \u00fczere sporun t\u00fcm dallar\u0131n\u0131 belediye olarak destekliyoruz. Desteklemeye de devam edece\u011fiz. Sporcular\u0131m\u0131z\u0131n ba\u015far\u0131lar\u0131yla bizler de seviniyor, mutlu oluyor, gurur duyuyoruz. Atletizm de b\u00f6yle \u00f6nemli bir ba\u015far\u0131n\u0131n gelmi\u015f olmas\u0131 bizim i\u00e7in de\u011ferli. Tak\u0131m\u0131m\u0131z\u0131n ba\u015far\u0131lar\u0131n\u0131 s\u00fcrd\u00fcrmesini diliyorum.\u201d dedi.<\/p>\n","protected":false},"excerpt":{"rendered":"<p>Erbaa Belediyesi kros tak\u0131m\u0131 belediyeler aras\u0131 salon atletizm yar\u0131\u015fmalar\u0131nda T\u00fcrkiye ikincisi oldu.Erbaa Belediyesi Kros tak\u0131m\u0131 d\u00fcn \u0130stanbul\u2019da d\u00fczenlenen belediyeler salon atletizm yar\u0131\u015fmalar\u0131nda ikinci oldu. U20 kategorisinde 400 metre, y\u00fcksek atlama ve g\u00fclle atmada Davut Zorlu\u011fu, Atilla G\u00f6ktu\u011f Ta\u015fdelen ve Melih G\u00f6kalp ile 1\u2019inci olan Erbaa Belediyesi tak\u0131m\u0131, 60 metre ve uzun atlamada Hasan \u00c7a\u011fr\u0131 Akan [&hellip;]<\/p>\n","protected":false},"author":1,"featured_media":52,"comment_status":"open","ping_status":"open","sticky":false,"template":"","format":"standard","meta":{"footnotes":""},"categories":[8],"tags":[],"class_list":["post-50","post","type-post","status-publish","format-standard","has-post-thumbnail","hentry","category-tokat-haberleri"],"_links":{"self":[{"href":"https:\/\/www.turhalhakimiyet.com\/index.php\/wp-json\/wp\/v2\/posts\/50","targetHints":{"allow":["GET"]}}],"collection":[{"href":"https:\/\/www.turhalhakimiyet.com\/index.php\/wp-json\/wp\/v2\/posts"}],"about":[{"href":"https:\/\/www.turhalhakimiyet.com\/index.php\/wp-json\/wp\/v2\/types\/post"}],"author":[{"embeddable":true,"href":"https:\/\/www.turhalhakimiyet.com\/index.php\/wp-json\/wp\/v2\/users\/1"}],"replies":[{"embeddable":true,"href":"https:\/\/www.turhalhakimiyet.com\/index.php\/wp-json\/wp\/v2\/comments?post=50"}],"version-history":[{"count":1,"href":"https:\/\/www.turhalhakimiyet.com\/index.php\/wp-json\/wp\/v2\/posts\/50\/revisions"}],"predecessor-version":[{"id":53,"href":"https:\/\/www.turhalhakimiyet.com\/index.php\/wp-json\/wp\/v2\/posts\/50\/revisions\/53"}],"wp:featuredmedia":[{"embeddable":true,"href":"https:\/\/www.turhalhakimiyet.com\/index.php\/wp-json\/wp\/v2\/media\/52"}],"wp:attachment":[{"href":"https:\/\/www.turhalhakimiyet.com\/index.php\/wp-json\/wp\/v2\/media?parent=50"}],"wp:term":[{"taxonomy":"category","embeddable":true,"href":"https:\/\/www.turhalhakimiyet.com\/index.php\/wp-json\/wp\/v2\/categories?post=50"},{"taxonomy":"post_tag","embeddable":true,"href":"https:\/\/www.turhalhakimiyet.com\/index.php\/wp-json\/wp\/v2\/tags?post=50"}],"curies":[{"name":"wp","href":"https:\/\/api.w.org\/{rel}","templated":true}]}}