{"id":509,"date":"2023-02-07T10:08:09","date_gmt":"2023-02-07T07:08:09","guid":{"rendered":"https:\/\/www.turhalhakimiyet.com\/?p=509"},"modified":"2023-02-08T13:32:53","modified_gmt":"2023-02-08T10:32:53","slug":"muftu-omer-faruk-bilgili-hataydaki-depremde-hayatini-kaybetti","status":"publish","type":"post","link":"https:\/\/www.turhalhakimiyet.com\/index.php\/muftu-omer-faruk-bilgili-hataydaki-depremde-hayatini-kaybetti\/","title":{"rendered":"M\u00fcft\u00fc \u00d6MER FARUK B\u0130LG\u0130L\u0130 Hatay&#8217;daki depremde hayat\u0131n\u0131 kaybetti"},"content":{"rendered":"\n<p>\u00d6nceki d\u00f6nem Tokat \u0130l M\u00fcft\u00fcs\u00fc, \u015fimdiki Hatay \u0130l M\u00fcft\u00fcs\u00fc \u00d6mer Faruk Bilgili&#8217;den ac\u0131 haber geldi.<\/p>\n\n\n\n<p>Hatay \u0130l M\u00fcft\u00fcs\u00fc \u00d6mer Faruk Bilgili&#8217;nin ya\u015fad\u0131\u011f\u0131 bina depremin&nbsp; etkisi&nbsp;ile \u00e7\u00f6kt\u00fc.&nbsp; O\u011flu ile&nbsp; enkaz&nbsp;alt\u0131nda kald\u0131\u011f\u0131 tespit&nbsp; edilen Bilgili i\u00e7in kurtarma \u00e7al\u0131\u015fmalar\u0131 ba\u015flat\u0131ld\u0131. O\u011flu enkaz alt\u0131ndan sa\u011f \u00e7\u0131kar\u0131l\u0131rken M\u00fcft\u00fc Bilgili&#8217;nin naa\u015f\u0131na ula\u015f\u0131ld\u0131. Bilgili i\u00e7in sosyal medyada&nbsp; taziye mesajlar\u0131 payla\u015f\u0131ld\u0131. M\u00fcft\u00fc Bilgili&#8217;nin bir \u00f6nceki g\u00f6rev yeri olan Tokat&#8217;a ula\u015fan&nbsp; vefat haberi&nbsp;de \u015fehirde \u00fcz\u00fcnt\u00fc ile kar\u015f\u0131land\u0131.<\/p>\n","protected":false},"excerpt":{"rendered":"<p>\u00d6nceki d\u00f6nem Tokat \u0130l M\u00fcft\u00fcs\u00fc, \u015fimdiki Hatay \u0130l M\u00fcft\u00fcs\u00fc \u00d6mer Faruk Bilgili&#8217;den ac\u0131 haber geldi. Hatay \u0130l M\u00fcft\u00fcs\u00fc \u00d6mer Faruk Bilgili&#8217;nin ya\u015fad\u0131\u011f\u0131 bina depremin&nbsp; etkisi&nbsp;ile \u00e7\u00f6kt\u00fc.&nbsp; O\u011flu ile&nbsp; enkaz&nbsp;alt\u0131nda kald\u0131\u011f\u0131 tespit&nbsp; edilen Bilgili i\u00e7in kurtarma \u00e7al\u0131\u015fmalar\u0131 ba\u015flat\u0131ld\u0131. O\u011flu enkaz alt\u0131ndan sa\u011f \u00e7\u0131kar\u0131l\u0131rken M\u00fcft\u00fc Bilgili&#8217;nin naa\u015f\u0131na ula\u015f\u0131ld\u0131. Bilgili i\u00e7in sosyal medyada&nbsp; taziye mesajlar\u0131 payla\u015f\u0131ld\u0131. M\u00fcft\u00fc Bilgili&#8217;nin [&hellip;]<\/p>\n","protected":false},"author":2,"featured_media":511,"comment_status":"open","ping_status":"open","sticky":false,"template":"","format":"standard","meta":{"footnotes":""},"categories":[1],"tags":[],"class_list":["post-509","post","type-post","status-publish","format-standard","has-post-thumbnail","hentry","category-turhal-haberleri"],"_links":{"self":[{"href":"https:\/\/www.turhalhakimiyet.com\/index.php\/wp-json\/wp\/v2\/posts\/509","targetHints":{"allow":["GET"]}}],"collection":[{"href":"https:\/\/www.turhalhakimiyet.com\/index.php\/wp-json\/wp\/v2\/posts"}],"about":[{"href":"https:\/\/www.turhalhakimiyet.com\/index.php\/wp-json\/wp\/v2\/types\/post"}],"author":[{"embeddable":true,"href":"https:\/\/www.turhalhakimiyet.com\/index.php\/wp-json\/wp\/v2\/users\/2"}],"replies":[{"embeddable":true,"href":"https:\/\/www.turhalhakimiyet.com\/index.php\/wp-json\/wp\/v2\/comments?post=509"}],"version-history":[{"count":2,"href":"https:\/\/www.turhalhakimiyet.com\/index.php\/wp-json\/wp\/v2\/posts\/509\/revisions"}],"predecessor-version":[{"id":565,"href":"https:\/\/www.turhalhakimiyet.com\/index.php\/wp-json\/wp\/v2\/posts\/509\/revisions\/565"}],"wp:featuredmedia":[{"embeddable":true,"href":"https:\/\/www.turhalhakimiyet.com\/index.php\/wp-json\/wp\/v2\/media\/511"}],"wp:attachment":[{"href":"https:\/\/www.turhalhakimiyet.com\/index.php\/wp-json\/wp\/v2\/media?parent=509"}],"wp:term":[{"taxonomy":"category","embeddable":true,"href":"https:\/\/www.turhalhakimiyet.com\/index.php\/wp-json\/wp\/v2\/categories?post=509"},{"taxonomy":"post_tag","embeddable":true,"href":"https:\/\/www.turhalhakimiyet.com\/index.php\/wp-json\/wp\/v2\/tags?post=509"}],"curies":[{"name":"wp","href":"https:\/\/api.w.org\/{rel}","templated":true}]}}