{"id":517,"date":"2023-02-08T10:08:40","date_gmt":"2023-02-08T07:08:40","guid":{"rendered":"https:\/\/www.turhalhakimiyet.com\/?p=517"},"modified":"2023-02-08T10:08:40","modified_gmt":"2023-02-08T07:08:40","slug":"deprem-bolgelerine-su-ve-gida-yardimi-cagrisi","status":"publish","type":"post","link":"https:\/\/www.turhalhakimiyet.com\/index.php\/deprem-bolgelerine-su-ve-gida-yardimi-cagrisi\/","title":{"rendered":"Deprem b\u00f6lgelerine su ve g\u0131da yard\u0131m\u0131 \u00e7a\u011fr\u0131s\u0131"},"content":{"rendered":"\n<h3 class=\"wp-block-heading\">Tokat Belediye Ba\u015fkan\u0131 Ey\u00fcp Ero\u011flu, deprem b\u00f6lgelerinden g\u0131da ve su ihtiyac\u0131 oldu\u011fu y\u00f6n\u00fcnde bilgiler geldi\u011fini ifade ederek, \u201cHem\u015ferilerimizden gelecek destekleri su ve g\u0131da konusunda yo\u011funla\u015ft\u0131rmalar\u0131n\u0131 talep ediyoruz\u201d dedi.<\/h3>\n\n\n\n<p>Tokat H\u00fcseyin Akba\u015f Spor Salonu&#8217;nda ilk g\u00fcnde toplanan deprem yard\u0131mlar\u0131 11 t\u0131rla afet b\u00f6lgelerine g\u00f6nderildi. \u0130l\u00e7elerden de toplamda 15 yard\u0131m e\u015fyalar\u0131n\u0131n bulundu\u011fu TIR deprem b\u00f6lgelerine ula\u015ft\u0131r\u0131lmak \u00fczere yola \u00e7\u0131kt\u0131. Yard\u0131mlar\u0131n ikinci g\u00fcn\u00fcnde H\u00fcseyin Akba\u015f Spor Salonu&#8217;nda incelemelerde bulunan Tokat Belediye Ba\u015fkan\u0131 Ey\u00fcp Ero\u011flu \u201cDepremin \u00fczerinden yakla\u015f\u0131k 27 saat ge\u00e7ti. Tokatl\u0131 hamiyetperver hem\u015ferilerimiz seferberlik halinde yard\u0131mlar\u0131 buraya ula\u015ft\u0131r\u0131yorlar. \u0130lk g\u00fcnde 10 t\u0131r yard\u0131m arac\u0131 il merkezimizden yola \u00e7\u0131kt\u0131. Bu sabah da 30 bin ekmek bulunan 11&#8217;inci t\u0131r afet b\u00f6lgelerine g\u00f6nderildi. \u0130l\u00e7elerimizden de \u015fu ana kadar 15 t\u0131r yard\u0131m\u0131n yola \u00e7\u0131kt\u0131\u011f\u0131 bilgisini ald\u0131k. Burada yine g\u00f6revliler ve g\u00f6n\u00fcll\u00fclerden olu\u015fan ekiplerimiz yakla\u015f\u0131k 5 t\u0131r dolduracak yard\u0131m malzemesini haz\u0131rlad\u0131lar. B\u00fct\u00fcn hem\u015ferilerimize \u00e7ok te\u015fekk\u00fcr ediyorum\u201d dedi.<\/p>\n\n\n\n<p>Ba\u015fkan Ero\u011flu, deprem b\u00f6lgelerinden su ve g\u0131da ihtiya\u00e7 talebi geldi\u011fine dikkat \u00e7ekerek, \u201cTokat Valimiz Say\u0131n Numan Hatipo\u011flu Ad\u0131yaman G\u00f6lba\u015f\u0131&#8217;na g\u00f6revlendirilmi\u015fti. Bizler de birka\u00e7 g\u00fcne kadar afet b\u00f6lgesine giderek \u00e7al\u0131\u015fmalara kat\u0131laca\u011f\u0131z. Burada yard\u0131m toplama \u00e7al\u0131\u015fmalar\u0131m\u0131z devam ediyor. Yapt\u0131\u011f\u0131m\u0131z incelemelerde, deprem b\u00f6lgelerinden gelen bildirimlere g\u00f6re bilhassa g\u0131da ve su ihtiyac\u0131 oldu\u011fu y\u00f6n\u00fcnde bilgiler geliyor. Hem\u015ferilerimizden gelecek destekleri su ve g\u0131da konusunda yo\u011funla\u015ft\u0131rmalar\u0131n\u0131 talep ediyoruz. Su ve g\u0131da yard\u0131mlar\u0131n\u0131n yan\u0131nda bot ve ayakkab\u0131ya yine yo\u011fun \u015fekilde ihtiya\u00e7 bulunuyor\u201d diye konu\u015ftu.<\/p>\n","protected":false},"excerpt":{"rendered":"<p>Tokat Belediye Ba\u015fkan\u0131 Ey\u00fcp Ero\u011flu, deprem b\u00f6lgelerinden g\u0131da ve su ihtiyac\u0131 oldu\u011fu y\u00f6n\u00fcnde bilgiler geldi\u011fini ifade ederek, \u201cHem\u015ferilerimizden gelecek destekleri su ve g\u0131da konusunda yo\u011funla\u015ft\u0131rmalar\u0131n\u0131 talep ediyoruz\u201d dedi. Tokat H\u00fcseyin Akba\u015f Spor Salonu&#8217;nda ilk g\u00fcnde toplanan deprem yard\u0131mlar\u0131 11 t\u0131rla afet b\u00f6lgelerine g\u00f6nderildi. \u0130l\u00e7elerden de toplamda 15 yard\u0131m e\u015fyalar\u0131n\u0131n bulundu\u011fu TIR deprem b\u00f6lgelerine ula\u015ft\u0131r\u0131lmak \u00fczere [&hellip;]<\/p>\n","protected":false},"author":2,"featured_media":518,"comment_status":"open","ping_status":"open","sticky":false,"template":"","format":"standard","meta":{"footnotes":""},"categories":[1],"tags":[],"class_list":["post-517","post","type-post","status-publish","format-standard","has-post-thumbnail","hentry","category-turhal-haberleri"],"_links":{"self":[{"href":"https:\/\/www.turhalhakimiyet.com\/index.php\/wp-json\/wp\/v2\/posts\/517","targetHints":{"allow":["GET"]}}],"collection":[{"href":"https:\/\/www.turhalhakimiyet.com\/index.php\/wp-json\/wp\/v2\/posts"}],"about":[{"href":"https:\/\/www.turhalhakimiyet.com\/index.php\/wp-json\/wp\/v2\/types\/post"}],"author":[{"embeddable":true,"href":"https:\/\/www.turhalhakimiyet.com\/index.php\/wp-json\/wp\/v2\/users\/2"}],"replies":[{"embeddable":true,"href":"https:\/\/www.turhalhakimiyet.com\/index.php\/wp-json\/wp\/v2\/comments?post=517"}],"version-history":[{"count":1,"href":"https:\/\/www.turhalhakimiyet.com\/index.php\/wp-json\/wp\/v2\/posts\/517\/revisions"}],"predecessor-version":[{"id":519,"href":"https:\/\/www.turhalhakimiyet.com\/index.php\/wp-json\/wp\/v2\/posts\/517\/revisions\/519"}],"wp:featuredmedia":[{"embeddable":true,"href":"https:\/\/www.turhalhakimiyet.com\/index.php\/wp-json\/wp\/v2\/media\/518"}],"wp:attachment":[{"href":"https:\/\/www.turhalhakimiyet.com\/index.php\/wp-json\/wp\/v2\/media?parent=517"}],"wp:term":[{"taxonomy":"category","embeddable":true,"href":"https:\/\/www.turhalhakimiyet.com\/index.php\/wp-json\/wp\/v2\/categories?post=517"},{"taxonomy":"post_tag","embeddable":true,"href":"https:\/\/www.turhalhakimiyet.com\/index.php\/wp-json\/wp\/v2\/tags?post=517"}],"curies":[{"name":"wp","href":"https:\/\/api.w.org\/{rel}","templated":true}]}}