{"id":521,"date":"2023-02-08T10:15:14","date_gmt":"2023-02-08T07:15:14","guid":{"rendered":"https:\/\/www.turhalhakimiyet.com\/?p=521"},"modified":"2023-02-08T13:31:34","modified_gmt":"2023-02-08T10:31:34","slug":"baskan-eyup-eroglu-kahramanmarasta-gorevlendirildi","status":"publish","type":"post","link":"https:\/\/www.turhalhakimiyet.com\/index.php\/baskan-eyup-eroglu-kahramanmarasta-gorevlendirildi\/","title":{"rendered":"Ba\u015fkan EY\u00dcP ERO\u011eLU Kahramanmara\u015f&#8217;ta g\u00f6revlendirildi"},"content":{"rendered":"\n<p>Tokat Belediye Ba\u015fkan\u0131 Ey\u00fcp Ero\u011flu deprem b\u00f6lgesinde koordinasyon sa\u011flamak \u00fczere yola \u00e7\u0131kt\u0131.<\/p>\n\n\n\n<p>Depremin ana \u00fcss\u00fc KAHRAMANMARA\u015e PAZARCIK&#8217;ta koordinasyonu sa\u011flamak \u00fczere TOKAT BELED\u0130YE BA\u015eKANI EY\u00dcP ERO\u011eLU, Cumhurba\u015fkanl\u0131\u011f\u0131 Afet Koordinasyon Merkezi&#8217;nce g\u00f6revlendirildi. Ba\u015fkan Ero\u011flu, g\u00f6revlendirildi\u011fi b\u00f6lgeye do\u011fru yola \u00e7\u0131kt\u0131.<\/p>\n\n\n\n<p>Tokat Valisi Numan Hatipo\u011flu ise Ad\u0131yaman&#8217;da g\u00f6revine devam ediyor.<\/p>\n","protected":false},"excerpt":{"rendered":"<p>Tokat Belediye Ba\u015fkan\u0131 Ey\u00fcp Ero\u011flu deprem b\u00f6lgesinde koordinasyon sa\u011flamak \u00fczere yola \u00e7\u0131kt\u0131. Depremin ana \u00fcss\u00fc KAHRAMANMARA\u015e PAZARCIK&#8217;ta koordinasyonu sa\u011flamak \u00fczere TOKAT BELED\u0130YE BA\u015eKANI EY\u00dcP ERO\u011eLU, Cumhurba\u015fkanl\u0131\u011f\u0131 Afet Koordinasyon Merkezi&#8217;nce g\u00f6revlendirildi. Ba\u015fkan Ero\u011flu, g\u00f6revlendirildi\u011fi b\u00f6lgeye do\u011fru yola \u00e7\u0131kt\u0131. Tokat Valisi Numan Hatipo\u011flu ise Ad\u0131yaman&#8217;da g\u00f6revine devam ediyor.<\/p>\n","protected":false},"author":2,"featured_media":522,"comment_status":"open","ping_status":"open","sticky":false,"template":"","format":"standard","meta":{"footnotes":""},"categories":[1],"tags":[],"class_list":["post-521","post","type-post","status-publish","format-standard","has-post-thumbnail","hentry","category-turhal-haberleri"],"_links":{"self":[{"href":"https:\/\/www.turhalhakimiyet.com\/index.php\/wp-json\/wp\/v2\/posts\/521","targetHints":{"allow":["GET"]}}],"collection":[{"href":"https:\/\/www.turhalhakimiyet.com\/index.php\/wp-json\/wp\/v2\/posts"}],"about":[{"href":"https:\/\/www.turhalhakimiyet.com\/index.php\/wp-json\/wp\/v2\/types\/post"}],"author":[{"embeddable":true,"href":"https:\/\/www.turhalhakimiyet.com\/index.php\/wp-json\/wp\/v2\/users\/2"}],"replies":[{"embeddable":true,"href":"https:\/\/www.turhalhakimiyet.com\/index.php\/wp-json\/wp\/v2\/comments?post=521"}],"version-history":[{"count":2,"href":"https:\/\/www.turhalhakimiyet.com\/index.php\/wp-json\/wp\/v2\/posts\/521\/revisions"}],"predecessor-version":[{"id":563,"href":"https:\/\/www.turhalhakimiyet.com\/index.php\/wp-json\/wp\/v2\/posts\/521\/revisions\/563"}],"wp:featuredmedia":[{"embeddable":true,"href":"https:\/\/www.turhalhakimiyet.com\/index.php\/wp-json\/wp\/v2\/media\/522"}],"wp:attachment":[{"href":"https:\/\/www.turhalhakimiyet.com\/index.php\/wp-json\/wp\/v2\/media?parent=521"}],"wp:term":[{"taxonomy":"category","embeddable":true,"href":"https:\/\/www.turhalhakimiyet.com\/index.php\/wp-json\/wp\/v2\/categories?post=521"},{"taxonomy":"post_tag","embeddable":true,"href":"https:\/\/www.turhalhakimiyet.com\/index.php\/wp-json\/wp\/v2\/tags?post=521"}],"curies":[{"name":"wp","href":"https:\/\/api.w.org\/{rel}","templated":true}]}}