{"id":524,"date":"2023-02-08T10:19:41","date_gmt":"2023-02-08T07:19:41","guid":{"rendered":"https:\/\/www.turhalhakimiyet.com\/?p=524"},"modified":"2023-02-08T10:19:41","modified_gmt":"2023-02-08T07:19:41","slug":"basciftlikli-ev-hanimlari-depremzedeler-icin-ekmek-pisirdi","status":"publish","type":"post","link":"https:\/\/www.turhalhakimiyet.com\/index.php\/basciftlikli-ev-hanimlari-depremzedeler-icin-ekmek-pisirdi\/","title":{"rendered":"Ba\u015f\u00e7iftlikli  ev han\u0131mlar\u0131 depremzedeler i\u00e7in ekmek pi\u015firdi"},"content":{"rendered":"\n<p>Tokat&#8217;\u0131n Ba\u015f\u00e7iftlik il\u00e7esinde ev han\u0131mlar\u0131, Kahramanmara\u015f merkezli ve 10 ili etkileyen depremin ard\u0131ndan d\u00fczenlenen yard\u0131m kampanyas\u0131na destek verdi.<\/p>\n\n\n\n<p>Ba\u015f\u00e7iftlik Kaymakam\u0131 Serhat Ba\u011fc\u0131 ve Belediye\u00a0Ba\u015fkan\u0131 \u00a0Murat Tun\u00e7el taraf\u0131ndan organize\u00a0 edilen kampanya ile il\u00e7e genelindeki g\u00f6n\u00fcll\u00fc\u00a0 ev han\u0131mlar\u0131\u00a0yapt\u0131klar\u0131 ekmekleri deprem b\u00f6lgesine g\u00f6ndermek i\u00e7in kollar\u0131 s\u0131vad\u0131.<\/p>\n\n\n\n<p>\u0130l\u00e7e genelinde bulunan mahalle k\u00f6y f\u0131r\u0131nlar\u0131nda\u00a0ekmek ile Belediye D\u00fc\u011f\u00fcn Salonu yemekhanesinde pi\u015firilen pi\u015filer, deprem b\u00f6lgesine g\u00f6nderilecek.<\/p>\n\n\n\n<p>Tun\u00e7el, &#8220;Deprem b\u00f6lgesinin ekmek ihtiyac\u0131n\u0131 gidermek isteyen g\u00f6n\u00fcll\u00fc ev han\u0131mlar\u0131n\u0131 bir araya getirdik. 100 civar\u0131nda g\u00f6n\u00fcll\u00fc ev han\u0131m\u0131 deprem b\u00f6lgesine ekmek yap\u0131yor. Pi\u015firilen ekmekleri paketleyip kendi ara\u00e7lar\u0131m\u0131zla deprem b\u00f6lgesine ula\u015ft\u0131raca\u011f\u0131z.&#8221; dedi.<\/p>\n","protected":false},"excerpt":{"rendered":"<p>Tokat&#8217;\u0131n Ba\u015f\u00e7iftlik il\u00e7esinde ev han\u0131mlar\u0131, Kahramanmara\u015f merkezli ve 10 ili etkileyen depremin ard\u0131ndan d\u00fczenlenen yard\u0131m kampanyas\u0131na destek verdi. Ba\u015f\u00e7iftlik Kaymakam\u0131 Serhat Ba\u011fc\u0131 ve Belediye\u00a0Ba\u015fkan\u0131 \u00a0Murat Tun\u00e7el taraf\u0131ndan organize\u00a0 edilen kampanya ile il\u00e7e genelindeki g\u00f6n\u00fcll\u00fc\u00a0 ev han\u0131mlar\u0131\u00a0yapt\u0131klar\u0131 ekmekleri deprem b\u00f6lgesine g\u00f6ndermek i\u00e7in kollar\u0131 s\u0131vad\u0131. \u0130l\u00e7e genelinde bulunan mahalle k\u00f6y f\u0131r\u0131nlar\u0131nda\u00a0ekmek ile Belediye D\u00fc\u011f\u00fcn Salonu yemekhanesinde pi\u015firilen [&hellip;]<\/p>\n","protected":false},"author":2,"featured_media":525,"comment_status":"open","ping_status":"open","sticky":false,"template":"","format":"standard","meta":{"footnotes":""},"categories":[1],"tags":[],"class_list":["post-524","post","type-post","status-publish","format-standard","has-post-thumbnail","hentry","category-turhal-haberleri"],"_links":{"self":[{"href":"https:\/\/www.turhalhakimiyet.com\/index.php\/wp-json\/wp\/v2\/posts\/524","targetHints":{"allow":["GET"]}}],"collection":[{"href":"https:\/\/www.turhalhakimiyet.com\/index.php\/wp-json\/wp\/v2\/posts"}],"about":[{"href":"https:\/\/www.turhalhakimiyet.com\/index.php\/wp-json\/wp\/v2\/types\/post"}],"author":[{"embeddable":true,"href":"https:\/\/www.turhalhakimiyet.com\/index.php\/wp-json\/wp\/v2\/users\/2"}],"replies":[{"embeddable":true,"href":"https:\/\/www.turhalhakimiyet.com\/index.php\/wp-json\/wp\/v2\/comments?post=524"}],"version-history":[{"count":1,"href":"https:\/\/www.turhalhakimiyet.com\/index.php\/wp-json\/wp\/v2\/posts\/524\/revisions"}],"predecessor-version":[{"id":526,"href":"https:\/\/www.turhalhakimiyet.com\/index.php\/wp-json\/wp\/v2\/posts\/524\/revisions\/526"}],"wp:featuredmedia":[{"embeddable":true,"href":"https:\/\/www.turhalhakimiyet.com\/index.php\/wp-json\/wp\/v2\/media\/525"}],"wp:attachment":[{"href":"https:\/\/www.turhalhakimiyet.com\/index.php\/wp-json\/wp\/v2\/media?parent=524"}],"wp:term":[{"taxonomy":"category","embeddable":true,"href":"https:\/\/www.turhalhakimiyet.com\/index.php\/wp-json\/wp\/v2\/categories?post=524"},{"taxonomy":"post_tag","embeddable":true,"href":"https:\/\/www.turhalhakimiyet.com\/index.php\/wp-json\/wp\/v2\/tags?post=524"}],"curies":[{"name":"wp","href":"https:\/\/api.w.org\/{rel}","templated":true}]}}