{"id":537,"date":"2023-02-08T10:38:44","date_gmt":"2023-02-08T07:38:44","guid":{"rendered":"https:\/\/www.turhalhakimiyet.com\/?p=537"},"modified":"2023-02-08T13:29:05","modified_gmt":"2023-02-08T10:29:05","slug":"tokattan-giden-ekip-enkaz-altindan-2-cocugu-ve-annesini-cikardi","status":"publish","type":"post","link":"https:\/\/www.turhalhakimiyet.com\/index.php\/tokattan-giden-ekip-enkaz-altindan-2-cocugu-ve-annesini-cikardi\/","title":{"rendered":"Tokat&#8217;tan giden ekip enkaz alt\u0131ndan 2\u00e7ocu\u011fu ve annesini \u00e7\u0131kard\u0131"},"content":{"rendered":"\n<p>Tokat\u2019tan b\u00f6lgeye giden AFAD ekipleri, Kahramanmara\u015f\u2019\u0131n Nurhak il\u00e7esinde 8-10 ya\u015flar\u0131nda iki erkek \u00e7ocuk ve annelerini enkaz alt\u0131ndan sa\u011f \u00e7\u0131kard\u0131.Kahramanmara\u015f\u2019\u0131n Nurhak il\u00e7esinde \u00e7\u00f6ken binan\u0131n enkaz\u0131nda kalan 10 ya\u015f\u0131ndaki Ahmet ve 8 ya\u015f\u0131ndaki Ertu\u011frul ile anneleri,&nbsp;Tokat\u2019tan b\u00f6lgeye giden AFAD ekipleri taraf\u0131ndan sa\u011f&nbsp; olarak &nbsp;\u00e7\u0131kart\u0131ld\u0131. Enkazdan ilk \u00e7\u0131kart\u0131lan Ahmet oldu. Enkaz\u0131n ayn\u0131 b\u00f6lgesinden bir de&nbsp; kad\u0131n &nbsp;cesedi \u00e7\u0131kart\u0131ld\u0131. Enkazdan \u00e7\u0131kart\u0131lan anne ve \u00e7ocuklar\u0131n\u0131n&nbsp; sa\u011fl\u0131k durumlar\u0131n\u0131n iyi oldu\u011fu \u00f6\u011frenildi.<\/p>\n","protected":false},"excerpt":{"rendered":"<p>Tokat\u2019tan b\u00f6lgeye giden AFAD ekipleri, Kahramanmara\u015f\u2019\u0131n Nurhak il\u00e7esinde 8-10 ya\u015flar\u0131nda iki erkek \u00e7ocuk ve annelerini enkaz alt\u0131ndan sa\u011f \u00e7\u0131kard\u0131.Kahramanmara\u015f\u2019\u0131n Nurhak il\u00e7esinde \u00e7\u00f6ken binan\u0131n enkaz\u0131nda kalan 10 ya\u015f\u0131ndaki Ahmet ve 8 ya\u015f\u0131ndaki Ertu\u011frul ile anneleri,&nbsp;Tokat\u2019tan b\u00f6lgeye giden AFAD ekipleri taraf\u0131ndan sa\u011f&nbsp; olarak &nbsp;\u00e7\u0131kart\u0131ld\u0131. Enkazdan ilk \u00e7\u0131kart\u0131lan Ahmet oldu. Enkaz\u0131n ayn\u0131 b\u00f6lgesinden bir de&nbsp; kad\u0131n &nbsp;cesedi \u00e7\u0131kart\u0131ld\u0131. [&hellip;]<\/p>\n","protected":false},"author":2,"featured_media":538,"comment_status":"open","ping_status":"open","sticky":false,"template":"","format":"standard","meta":{"footnotes":""},"categories":[1],"tags":[],"class_list":["post-537","post","type-post","status-publish","format-standard","has-post-thumbnail","hentry","category-turhal-haberleri"],"_links":{"self":[{"href":"https:\/\/www.turhalhakimiyet.com\/index.php\/wp-json\/wp\/v2\/posts\/537","targetHints":{"allow":["GET"]}}],"collection":[{"href":"https:\/\/www.turhalhakimiyet.com\/index.php\/wp-json\/wp\/v2\/posts"}],"about":[{"href":"https:\/\/www.turhalhakimiyet.com\/index.php\/wp-json\/wp\/v2\/types\/post"}],"author":[{"embeddable":true,"href":"https:\/\/www.turhalhakimiyet.com\/index.php\/wp-json\/wp\/v2\/users\/2"}],"replies":[{"embeddable":true,"href":"https:\/\/www.turhalhakimiyet.com\/index.php\/wp-json\/wp\/v2\/comments?post=537"}],"version-history":[{"count":3,"href":"https:\/\/www.turhalhakimiyet.com\/index.php\/wp-json\/wp\/v2\/posts\/537\/revisions"}],"predecessor-version":[{"id":561,"href":"https:\/\/www.turhalhakimiyet.com\/index.php\/wp-json\/wp\/v2\/posts\/537\/revisions\/561"}],"wp:featuredmedia":[{"embeddable":true,"href":"https:\/\/www.turhalhakimiyet.com\/index.php\/wp-json\/wp\/v2\/media\/538"}],"wp:attachment":[{"href":"https:\/\/www.turhalhakimiyet.com\/index.php\/wp-json\/wp\/v2\/media?parent=537"}],"wp:term":[{"taxonomy":"category","embeddable":true,"href":"https:\/\/www.turhalhakimiyet.com\/index.php\/wp-json\/wp\/v2\/categories?post=537"},{"taxonomy":"post_tag","embeddable":true,"href":"https:\/\/www.turhalhakimiyet.com\/index.php\/wp-json\/wp\/v2\/tags?post=537"}],"curies":[{"name":"wp","href":"https:\/\/api.w.org\/{rel}","templated":true}]}}