{"id":549,"date":"2023-02-08T11:50:56","date_gmt":"2023-02-08T08:50:56","guid":{"rendered":"https:\/\/www.turhalhakimiyet.com\/?p=549"},"modified":"2023-02-08T13:25:15","modified_gmt":"2023-02-08T10:25:15","slug":"baskan-eyup-eroglu-deprem-bolgesinde","status":"publish","type":"post","link":"https:\/\/www.turhalhakimiyet.com\/index.php\/baskan-eyup-eroglu-deprem-bolgesinde\/","title":{"rendered":"Ba\u015fkan  Ey\u00fcp  Ero\u011flu Deprem b\u00f6lgesinde"},"content":{"rendered":"\n<p>Tokat Belediye Ba\u015fkan\u0131 Ey\u00fcp Ero\u011flu deprem b\u00f6lgesinde koordinasyon sa\u011flamak \u00fczere g\u00f6revlendirildi\u011fi Kahramanmara\u015f\u0131n Pazarc\u0131k il\u00e7esine ula\u015ft\u0131 ve \u00e7al\u0131\u015fmalar\u0131na ba\u015flad\u0131.Ba\u015fkan Ey\u00fcp Ero\u011flu d\u00fcn ak\u015fam \u00fcst\u00fc depremin ana \u00fcss\u00fc KAHRAMANMARA\u015e PAZARCIK&#8217;ta koordinasyonu sa\u011flamak \u00fczere Cumhurba\u015fkanl\u0131\u011f\u0131 Afet Koordinasyon Merkezi&#8217;nce g\u00f6revlendirilmi\u015fti. Ba\u015fkan Ero\u011flu, g\u00f6revlendirildi\u011fi b\u00f6lgeye sa\u011fsalim vard\u0131.Ero\u011flu \u00e7al\u0131\u015fmalara ba\u015flad\u0131klar\u0131n\u0131 duyurarak, &#8220;T\u00fcm imkanlar\u0131m\u0131zla, canla, ba\u015fla; ac\u0131lar\u0131m\u0131z\u0131 b\u00f6l\u00fc\u015fmek \u00fczere depremin merkez \u00fcss\u00fcndeyiz&#8230;&#8221; dedi.Tokat Valisi Numan Hatipo\u011flu ise Ad\u0131yaman&#8217;da g\u00f6revine devam ediyor.<\/p>\n","protected":false},"excerpt":{"rendered":"<p>Tokat Belediye Ba\u015fkan\u0131 Ey\u00fcp Ero\u011flu deprem b\u00f6lgesinde koordinasyon sa\u011flamak \u00fczere g\u00f6revlendirildi\u011fi Kahramanmara\u015f\u0131n Pazarc\u0131k il\u00e7esine ula\u015ft\u0131 ve \u00e7al\u0131\u015fmalar\u0131na ba\u015flad\u0131.Ba\u015fkan Ey\u00fcp Ero\u011flu d\u00fcn ak\u015fam \u00fcst\u00fc depremin ana \u00fcss\u00fc KAHRAMANMARA\u015e PAZARCIK&#8217;ta koordinasyonu sa\u011flamak \u00fczere Cumhurba\u015fkanl\u0131\u011f\u0131 Afet Koordinasyon Merkezi&#8217;nce g\u00f6revlendirilmi\u015fti. Ba\u015fkan Ero\u011flu, g\u00f6revlendirildi\u011fi b\u00f6lgeye sa\u011fsalim vard\u0131.Ero\u011flu \u00e7al\u0131\u015fmalara ba\u015flad\u0131klar\u0131n\u0131 duyurarak, &#8220;T\u00fcm imkanlar\u0131m\u0131zla, canla, ba\u015fla; ac\u0131lar\u0131m\u0131z\u0131 b\u00f6l\u00fc\u015fmek \u00fczere depremin merkez \u00fcss\u00fcndeyiz&#8230;&#8221; [&hellip;]<\/p>\n","protected":false},"author":2,"featured_media":550,"comment_status":"open","ping_status":"open","sticky":false,"template":"","format":"standard","meta":{"footnotes":""},"categories":[1],"tags":[],"class_list":["post-549","post","type-post","status-publish","format-standard","has-post-thumbnail","hentry","category-turhal-haberleri"],"_links":{"self":[{"href":"https:\/\/www.turhalhakimiyet.com\/index.php\/wp-json\/wp\/v2\/posts\/549","targetHints":{"allow":["GET"]}}],"collection":[{"href":"https:\/\/www.turhalhakimiyet.com\/index.php\/wp-json\/wp\/v2\/posts"}],"about":[{"href":"https:\/\/www.turhalhakimiyet.com\/index.php\/wp-json\/wp\/v2\/types\/post"}],"author":[{"embeddable":true,"href":"https:\/\/www.turhalhakimiyet.com\/index.php\/wp-json\/wp\/v2\/users\/2"}],"replies":[{"embeddable":true,"href":"https:\/\/www.turhalhakimiyet.com\/index.php\/wp-json\/wp\/v2\/comments?post=549"}],"version-history":[{"count":2,"href":"https:\/\/www.turhalhakimiyet.com\/index.php\/wp-json\/wp\/v2\/posts\/549\/revisions"}],"predecessor-version":[{"id":557,"href":"https:\/\/www.turhalhakimiyet.com\/index.php\/wp-json\/wp\/v2\/posts\/549\/revisions\/557"}],"wp:featuredmedia":[{"embeddable":true,"href":"https:\/\/www.turhalhakimiyet.com\/index.php\/wp-json\/wp\/v2\/media\/550"}],"wp:attachment":[{"href":"https:\/\/www.turhalhakimiyet.com\/index.php\/wp-json\/wp\/v2\/media?parent=549"}],"wp:term":[{"taxonomy":"category","embeddable":true,"href":"https:\/\/www.turhalhakimiyet.com\/index.php\/wp-json\/wp\/v2\/categories?post=549"},{"taxonomy":"post_tag","embeddable":true,"href":"https:\/\/www.turhalhakimiyet.com\/index.php\/wp-json\/wp\/v2\/tags?post=549"}],"curies":[{"name":"wp","href":"https:\/\/api.w.org\/{rel}","templated":true}]}}