{"id":553,"date":"2023-02-08T13:21:40","date_gmt":"2023-02-08T10:21:40","guid":{"rendered":"https:\/\/www.turhalhakimiyet.com\/?p=553"},"modified":"2023-02-08T13:22:15","modified_gmt":"2023-02-08T10:22:15","slug":"tokat-belediyesi-itfaiye-ekibinin-destek-verdigi-calismalarda-bir-kisi-daha-kurtarildi","status":"publish","type":"post","link":"https:\/\/www.turhalhakimiyet.com\/index.php\/tokat-belediyesi-itfaiye-ekibinin-destek-verdigi-calismalarda-bir-kisi-daha-kurtarildi\/","title":{"rendered":"Tokat Belediyesi itfaiye ekibinin destek verdi\u011fi \u00e7al\u0131\u015fmalarda bir ki\u015fi daha kurtar\u0131ld\u0131"},"content":{"rendered":"\n<p>Ad\u0131yaman&#8217;da Tokat Belediyesi itfaiye ekipleri, di\u011fer kurtarma ekiplerinin de i\u015f birli\u011fi ile enkaz alt\u0131ndan 41 saat sonra 15 ya\u015f\u0131ndaki Kadir\u2019i kurtard\u0131.<\/p>\n\n\n\n<p>Kahramanmara\u015f merkezli 7,7 ve 7,6 b\u00fcy\u00fckl\u00fc\u011f\u00fcndeki depremlerin ard\u0131ndan Ad\u0131yaman&#8217;\u0131n G\u00f6lba\u015f\u0131 il\u00e7esinde enkaz alt\u0131nda kalan ki\u015fi, yakla\u015f\u0131k 41 saat sonra kurtar\u0131ld\u0131.<\/p>\n\n\n\n<p>Tokat&nbsp; Belediyesi itfaiye ekipleri, depremin etkiledi\u011fi Ad\u0131yaman&#8217;\u0131n G\u00f6lba\u015f\u0131 il\u00e7esinde arama&nbsp; kurtarma &nbsp;faaliyetlerine&nbsp; destek &nbsp;veriyor.<\/p>\n\n\n\n<p>\u0130tfaiye ve UMKE ekipleri ile Mehmet\u00e7ik, depremde y\u0131k\u0131lan bir binan\u0131n enkaz\u0131nda ula\u015ft\u0131klar\u0131 15 ya\u015f\u0131ndaki &#8220;Kadir&#8221; isimli ki\u015fiyi yakla\u015f\u0131k 41 saat sonra \u00e7\u0131kard\u0131.<\/p>\n\n\n\n<p>Kurtarma g\u00f6revlileri, sedyeye konulan depremzedeyi &#8220;Ho\u015f geldin Kadir&#8221; diyerek kar\u015f\u0131lad\u0131.<\/p>\n\n\n\n<p>Depremzede,&nbsp; sa\u011fl\u0131k &nbsp;ekiplerine teslim edildikten sonra hastaneye kald\u0131r\u0131ld\u0131.<\/p>\n","protected":false},"excerpt":{"rendered":"<p>Ad\u0131yaman&#8217;da Tokat Belediyesi itfaiye ekipleri, di\u011fer kurtarma ekiplerinin de i\u015f birli\u011fi ile enkaz alt\u0131ndan 41 saat sonra 15 ya\u015f\u0131ndaki Kadir\u2019i kurtard\u0131. Kahramanmara\u015f merkezli 7,7 ve 7,6 b\u00fcy\u00fckl\u00fc\u011f\u00fcndeki depremlerin ard\u0131ndan Ad\u0131yaman&#8217;\u0131n G\u00f6lba\u015f\u0131 il\u00e7esinde enkaz alt\u0131nda kalan ki\u015fi, yakla\u015f\u0131k 41 saat sonra kurtar\u0131ld\u0131. Tokat&nbsp; Belediyesi itfaiye ekipleri, depremin etkiledi\u011fi Ad\u0131yaman&#8217;\u0131n G\u00f6lba\u015f\u0131 il\u00e7esinde arama&nbsp; kurtarma &nbsp;faaliyetlerine&nbsp; destek &nbsp;veriyor. [&hellip;]<\/p>\n","protected":false},"author":2,"featured_media":554,"comment_status":"open","ping_status":"open","sticky":false,"template":"","format":"standard","meta":{"footnotes":""},"categories":[1],"tags":[],"class_list":["post-553","post","type-post","status-publish","format-standard","has-post-thumbnail","hentry","category-turhal-haberleri"],"_links":{"self":[{"href":"https:\/\/www.turhalhakimiyet.com\/index.php\/wp-json\/wp\/v2\/posts\/553","targetHints":{"allow":["GET"]}}],"collection":[{"href":"https:\/\/www.turhalhakimiyet.com\/index.php\/wp-json\/wp\/v2\/posts"}],"about":[{"href":"https:\/\/www.turhalhakimiyet.com\/index.php\/wp-json\/wp\/v2\/types\/post"}],"author":[{"embeddable":true,"href":"https:\/\/www.turhalhakimiyet.com\/index.php\/wp-json\/wp\/v2\/users\/2"}],"replies":[{"embeddable":true,"href":"https:\/\/www.turhalhakimiyet.com\/index.php\/wp-json\/wp\/v2\/comments?post=553"}],"version-history":[{"count":2,"href":"https:\/\/www.turhalhakimiyet.com\/index.php\/wp-json\/wp\/v2\/posts\/553\/revisions"}],"predecessor-version":[{"id":556,"href":"https:\/\/www.turhalhakimiyet.com\/index.php\/wp-json\/wp\/v2\/posts\/553\/revisions\/556"}],"wp:featuredmedia":[{"embeddable":true,"href":"https:\/\/www.turhalhakimiyet.com\/index.php\/wp-json\/wp\/v2\/media\/554"}],"wp:attachment":[{"href":"https:\/\/www.turhalhakimiyet.com\/index.php\/wp-json\/wp\/v2\/media?parent=553"}],"wp:term":[{"taxonomy":"category","embeddable":true,"href":"https:\/\/www.turhalhakimiyet.com\/index.php\/wp-json\/wp\/v2\/categories?post=553"},{"taxonomy":"post_tag","embeddable":true,"href":"https:\/\/www.turhalhakimiyet.com\/index.php\/wp-json\/wp\/v2\/tags?post=553"}],"curies":[{"name":"wp","href":"https:\/\/api.w.org\/{rel}","templated":true}]}}