{"id":567,"date":"2023-02-09T09:54:52","date_gmt":"2023-02-09T06:54:52","guid":{"rendered":"https:\/\/www.turhalhakimiyet.com\/?p=567"},"modified":"2023-02-09T09:54:52","modified_gmt":"2023-02-09T06:54:52","slug":"depremi-yara-almadan-atlattilar-kazada-yaralandilar","status":"publish","type":"post","link":"https:\/\/www.turhalhakimiyet.com\/index.php\/depremi-yara-almadan-atlattilar-kazada-yaralandilar\/","title":{"rendered":"Depremi yara almadan atlatt\u0131lar, kazada yaraland\u0131lar"},"content":{"rendered":"\n<h3 class=\"wp-block-heading\">Gaziantep\u2019te depremi yara almadan atlatan aile Tokat-Sivas karayolunda trafik kazas\u0131nda yaraland\u0131.<\/h3>\n\n\n\n<p>Gaziantep&#8217;te depremi yara almadan atlatan aile Tokat-Sivas karayolunda trafik kazas\u0131nda yaraland\u0131.<\/p>\n\n\n\n<p>Edinilen bilgiye g\u00f6re kaza; Tokat &#8211; Sivas karayolu K\u0131z\u0131lini\u015f mevkiinde meydana geldi. Gaziantep&#8217;i de vuran depremde evleri hasar g\u00f6ren aile yak\u0131nlar\u0131 taraf\u0131ndan Tokat&#8217;a g\u00f6t\u00fcr\u00fclmek \u00fczere otomobille yola \u00e7\u0131kt\u0131. \u0130.D. (66) idaresindeki 60 AD 361 plakal\u0131 Audi marka otomobil Tokat-Sivas karayolunda s\u00fcr\u00fcc\u00fcs\u00fcn\u00fcn direksiyon hakimiyetini kaybetmesi sonucu \u015farampole u\u00e7tu. Dere yata\u011f\u0131na devrilen otomobilden ara\u00e7 s\u00fcr\u00fcc\u00fcs\u00fc ile birlikte 3&#8217;\u00fc kad\u0131n 4 ki\u015fi kendi imkanlar\u0131 ile \u00e7\u0131kt\u0131. Yaral\u0131lar sa\u011fl\u0131k ekipleri taraf\u0131ndan ambulanslarla kentteki hastanelere sevk edildi. Yaral\u0131lar\u0131n genel sa\u011fl\u0131k durumunun iyi oldu\u011fu \u00f6\u011frenildi. Jandarma ekipleri kazayla ilgili inceleme ba\u015flatt\u0131.<\/p>\n","protected":false},"excerpt":{"rendered":"<p>Gaziantep\u2019te depremi yara almadan atlatan aile Tokat-Sivas karayolunda trafik kazas\u0131nda yaraland\u0131. Gaziantep&#8217;te depremi yara almadan atlatan aile Tokat-Sivas karayolunda trafik kazas\u0131nda yaraland\u0131. Edinilen bilgiye g\u00f6re kaza; Tokat &#8211; Sivas karayolu K\u0131z\u0131lini\u015f mevkiinde meydana geldi. Gaziantep&#8217;i de vuran depremde evleri hasar g\u00f6ren aile yak\u0131nlar\u0131 taraf\u0131ndan Tokat&#8217;a g\u00f6t\u00fcr\u00fclmek \u00fczere otomobille yola \u00e7\u0131kt\u0131. \u0130.D. (66) idaresindeki 60 AD [&hellip;]<\/p>\n","protected":false},"author":2,"featured_media":569,"comment_status":"open","ping_status":"open","sticky":false,"template":"","format":"standard","meta":{"footnotes":""},"categories":[1],"tags":[],"class_list":["post-567","post","type-post","status-publish","format-standard","has-post-thumbnail","hentry","category-turhal-haberleri"],"_links":{"self":[{"href":"https:\/\/www.turhalhakimiyet.com\/index.php\/wp-json\/wp\/v2\/posts\/567","targetHints":{"allow":["GET"]}}],"collection":[{"href":"https:\/\/www.turhalhakimiyet.com\/index.php\/wp-json\/wp\/v2\/posts"}],"about":[{"href":"https:\/\/www.turhalhakimiyet.com\/index.php\/wp-json\/wp\/v2\/types\/post"}],"author":[{"embeddable":true,"href":"https:\/\/www.turhalhakimiyet.com\/index.php\/wp-json\/wp\/v2\/users\/2"}],"replies":[{"embeddable":true,"href":"https:\/\/www.turhalhakimiyet.com\/index.php\/wp-json\/wp\/v2\/comments?post=567"}],"version-history":[{"count":1,"href":"https:\/\/www.turhalhakimiyet.com\/index.php\/wp-json\/wp\/v2\/posts\/567\/revisions"}],"predecessor-version":[{"id":570,"href":"https:\/\/www.turhalhakimiyet.com\/index.php\/wp-json\/wp\/v2\/posts\/567\/revisions\/570"}],"wp:featuredmedia":[{"embeddable":true,"href":"https:\/\/www.turhalhakimiyet.com\/index.php\/wp-json\/wp\/v2\/media\/569"}],"wp:attachment":[{"href":"https:\/\/www.turhalhakimiyet.com\/index.php\/wp-json\/wp\/v2\/media?parent=567"}],"wp:term":[{"taxonomy":"category","embeddable":true,"href":"https:\/\/www.turhalhakimiyet.com\/index.php\/wp-json\/wp\/v2\/categories?post=567"},{"taxonomy":"post_tag","embeddable":true,"href":"https:\/\/www.turhalhakimiyet.com\/index.php\/wp-json\/wp\/v2\/tags?post=567"}],"curies":[{"name":"wp","href":"https:\/\/api.w.org\/{rel}","templated":true}]}}