{"id":571,"date":"2023-02-10T10:18:12","date_gmt":"2023-02-10T07:18:12","guid":{"rendered":"https:\/\/www.turhalhakimiyet.com\/?p=571"},"modified":"2023-02-10T10:18:12","modified_gmt":"2023-02-10T07:18:12","slug":"depremden-yarali-kurtuldu-tedaviye-alindigi-hastanede-gozyaslarina-boguldu","status":"publish","type":"post","link":"https:\/\/www.turhalhakimiyet.com\/index.php\/depremden-yarali-kurtuldu-tedaviye-alindigi-hastanede-gozyaslarina-boguldu\/","title":{"rendered":"Depremden yaral\u0131 kurtuldu, tedaviye al\u0131nd\u0131\u011f\u0131 hastanede g\u00f6zya\u015flar\u0131na bo\u011fuldu"},"content":{"rendered":"\n<h3 class=\"wp-block-heading\">Depremde y\u0131k\u0131lan 10 katl\u0131 apartman\u0131ndan yaral\u0131 olarak kurtulan ya\u015fl\u0131 adam tedaviye al\u0131nd\u0131\u011f\u0131 hastanede g\u00f6zya\u015flar\u0131n\u0131 tutamad\u0131.<\/h3>\n\n\n\n<p>Deprem afetinin ya\u015fand\u0131\u011f\u0131 illerde y\u0131k\u0131lan binalar\u0131n enkazlar\u0131ndan yaral\u0131 olarak kurtar\u0131lan vatanda\u015flar sa\u011fl\u0131k ekiplerinin yan\u0131 s\u0131ra yak\u0131nlar\u0131 taraf\u0131ndan \u00e7evre illere ula\u015ft\u0131r\u0131l\u0131yor. Sa\u011fl\u0131k ekiplerinin yan\u0131 s\u0131ra yak\u0131nlar\u0131 taraf\u0131ndan getirilen yaral\u0131lardan 14&#8217;\u00fc Tokat Devlet Hastanesi&#8217;nde, 4&#8217;\u00fc ise Tokat Gaziosmanpa\u015fa \u00dcniversitesinde tedavi alt\u0131na al\u0131nd\u0131.<\/p>\n\n\n\n<p>Tokat Devlet Hastanesi Ba\u015fhekimi Mehmet Tamer \u00d6zdemir, 1 yaral\u0131n\u0131n yo\u011fun bak\u0131m servisinde tedaviye al\u0131nd\u0131\u011f\u0131n\u0131, di\u011fer yaral\u0131lar\u0131n genel sa\u011fl\u0131k durumunun iyi oldu\u011funu s\u00f6yledi.<\/p>\n\n\n\n<p>&#8220;Kap\u0131y\u0131 kom\u015fular\u0131n yard\u0131m\u0131 ile a\u00e7arak \u00e7\u0131kt\u0131k&#8221;<\/p>\n\n\n\n<p>Kahramanmara\u015f&#8217;\u0131n Dulkadiro\u011flu il\u00e7esi Do\u011fukent mahallesinde bulunan 10 katl\u0131 apartmanda depreme yakalanan ve enkazdan \u00e7\u0131kan Dursun K\u00f6\u015fker (68), omuzundan yaraland\u0131. Yak\u0131nlar\u0131n\u0131n yard\u0131m\u0131 ile Tokat&#8217;a e\u015fi ile birlikte gelen K\u00f6\u015fker, Tokat Devlet Hastanesi Ortopedi servisinde tedaviye al\u0131nd\u0131. Depreme e\u015finin feryatlar\u0131 \u00fczerine uyand\u0131\u011f\u0131n\u0131, eve h\u0131rs\u0131z girdi\u011fini sand\u0131\u011f\u0131n\u0131 ifade eden K\u00f6\u015fker, \u201c\u00c7ok fazla ses vard\u0131, silahlar patl\u0131yor gibi. Aya\u011fa kalkt\u0131\u011f\u0131mda ev sallan\u0131yordu. Omuzumu sars\u0131nt\u0131da duvara \u00e7arpt\u0131m. Yere d\u00fc\u015ft\u00fc\u011f\u00fcmde kartonpiyerlerin d\u00fc\u015ft\u00fc\u011f\u00fcn\u00fc g\u00f6rd\u00fc\u011f\u00fcmde depremin oldu\u011funu fark ettim. Kap\u0131y\u0131 kom\u015fular\u0131n yard\u0131m\u0131 ile a\u00e7arak \u00e7\u0131kt\u0131k. Ev kullan\u0131lamaz hale geldi. Tokat&#8217;ta \u00e7al\u0131\u015fan ye\u011fenim vard\u0131. Onun i\u015fverenin yard\u0131m\u0131 ile geldik\u201d dedi.<\/p>\n\n\n\n<p>G\u00f6zya\u015flar\u0131n\u0131 tutamad\u0131<\/p>\n\n\n\n<p>Depremde g\u00f6\u00e7\u00fck alt\u0131nda kalanlar\u0131 televizyonda izlerken o anlar\u0131 hat\u0131rlad\u0131\u011f\u0131n\u0131 ifade eden K\u00f6\u015fker, g\u00f6zya\u015flar\u0131n\u0131 tutamad\u0131. K\u00f6\u015fker, \u201cTelevizyonu izlerken kendimi tutam\u0131yorum. Onlar bizim evlatlar\u0131m\u0131z. Ha onlar\u0131n \u00e7ocu\u011fu \u00f6lm\u00fc\u015f ha bizim \u00e7ocu\u011fumuz \u00f6lm\u00fc\u015f. Ayn\u0131 \u015fey, durmadan a\u011fl\u0131yorum. Rabbim herkese yard\u0131m etsin\u201d diye konu\u015ftu.<\/p>\n\n\n\n<p>\u0130ki \u00e7ocuk annesi Halide K\u00f6\u015fker (64) ise abdest al\u0131rken deprem oldu\u011funu ifade ederek, \u201cO an gittik, \u00f6ld\u00fck dedim. \u00c7ok \u015f\u00fck\u00fcr can\u0131m\u0131z sa\u011f. \u00c7ocuklar\u0131m\u0131n durumu iyi. Tokat&#8217;a ye\u011fenimin yard\u0131m\u0131 ile geldik. E\u015fimin kolu k\u0131r\u0131k ameliyat olacak\u201d diye konu\u015ftu.<\/p>\n\n\n\n<p>Malatya&#8217;da ikinci b\u00fcy\u00fck depreme tek katl\u0131 evde yakalanan Emine Horoz (75) balkonun y\u0131k\u0131lmas\u0131 \u00fczerine d\u00fc\u015ferek yaraland\u0131. Kal\u00e7a kemi\u011fi k\u0131r\u0131lan ya\u015fl\u0131 kad\u0131n yak\u0131nlar\u0131 ile birlikte geldi\u011fi Tokat&#8217;ta tedavi alt\u0131na al\u0131nd\u0131.<\/p>\n","protected":false},"excerpt":{"rendered":"<p>Depremde y\u0131k\u0131lan 10 katl\u0131 apartman\u0131ndan yaral\u0131 olarak kurtulan ya\u015fl\u0131 adam tedaviye al\u0131nd\u0131\u011f\u0131 hastanede g\u00f6zya\u015flar\u0131n\u0131 tutamad\u0131. Deprem afetinin ya\u015fand\u0131\u011f\u0131 illerde y\u0131k\u0131lan binalar\u0131n enkazlar\u0131ndan yaral\u0131 olarak kurtar\u0131lan vatanda\u015flar sa\u011fl\u0131k ekiplerinin yan\u0131 s\u0131ra yak\u0131nlar\u0131 taraf\u0131ndan \u00e7evre illere ula\u015ft\u0131r\u0131l\u0131yor. Sa\u011fl\u0131k ekiplerinin yan\u0131 s\u0131ra yak\u0131nlar\u0131 taraf\u0131ndan getirilen yaral\u0131lardan 14&#8217;\u00fc Tokat Devlet Hastanesi&#8217;nde, 4&#8217;\u00fc ise Tokat Gaziosmanpa\u015fa \u00dcniversitesinde tedavi alt\u0131na al\u0131nd\u0131. [&hellip;]<\/p>\n","protected":false},"author":2,"featured_media":572,"comment_status":"open","ping_status":"open","sticky":false,"template":"","format":"standard","meta":{"footnotes":""},"categories":[1],"tags":[],"class_list":["post-571","post","type-post","status-publish","format-standard","has-post-thumbnail","hentry","category-turhal-haberleri"],"_links":{"self":[{"href":"https:\/\/www.turhalhakimiyet.com\/index.php\/wp-json\/wp\/v2\/posts\/571","targetHints":{"allow":["GET"]}}],"collection":[{"href":"https:\/\/www.turhalhakimiyet.com\/index.php\/wp-json\/wp\/v2\/posts"}],"about":[{"href":"https:\/\/www.turhalhakimiyet.com\/index.php\/wp-json\/wp\/v2\/types\/post"}],"author":[{"embeddable":true,"href":"https:\/\/www.turhalhakimiyet.com\/index.php\/wp-json\/wp\/v2\/users\/2"}],"replies":[{"embeddable":true,"href":"https:\/\/www.turhalhakimiyet.com\/index.php\/wp-json\/wp\/v2\/comments?post=571"}],"version-history":[{"count":1,"href":"https:\/\/www.turhalhakimiyet.com\/index.php\/wp-json\/wp\/v2\/posts\/571\/revisions"}],"predecessor-version":[{"id":573,"href":"https:\/\/www.turhalhakimiyet.com\/index.php\/wp-json\/wp\/v2\/posts\/571\/revisions\/573"}],"wp:featuredmedia":[{"embeddable":true,"href":"https:\/\/www.turhalhakimiyet.com\/index.php\/wp-json\/wp\/v2\/media\/572"}],"wp:attachment":[{"href":"https:\/\/www.turhalhakimiyet.com\/index.php\/wp-json\/wp\/v2\/media?parent=571"}],"wp:term":[{"taxonomy":"category","embeddable":true,"href":"https:\/\/www.turhalhakimiyet.com\/index.php\/wp-json\/wp\/v2\/categories?post=571"},{"taxonomy":"post_tag","embeddable":true,"href":"https:\/\/www.turhalhakimiyet.com\/index.php\/wp-json\/wp\/v2\/tags?post=571"}],"curies":[{"name":"wp","href":"https:\/\/api.w.org\/{rel}","templated":true}]}}