{"id":574,"date":"2023-02-10T10:25:33","date_gmt":"2023-02-10T07:25:33","guid":{"rendered":"https:\/\/www.turhalhakimiyet.com\/?p=574"},"modified":"2023-02-10T10:25:33","modified_gmt":"2023-02-10T07:25:33","slug":"turhaldan-depremin-yaralari-sarmak-icin-yardimlar-yola-cikti","status":"publish","type":"post","link":"https:\/\/www.turhalhakimiyet.com\/index.php\/turhaldan-depremin-yaralari-sarmak-icin-yardimlar-yola-cikti\/","title":{"rendered":"Turhal\u2019dan Depremin Yaralar\u0131 Sarmak \u0130\u00e7in Yard\u0131mlar Yola \u00c7\u0131kt\u0131"},"content":{"rendered":"\n<p>AFAD koordinasyonunda, Turhal Kaymakaml\u0131\u011f\u0131 ve Turhal Belediyesi \u0130\u015f birli\u011fiyle depremzedelere g\u00f6nderilmek \u00fczere yard\u0131m malzemelerinin bulundu\u011fu 14 TIR deprem b\u00f6lgesine hareket etti.<\/p>\n\n\n\n<p>Is\u0131t\u0131c\u0131, battaniye, g\u0131da maddesi \u00e7ocuk bezi, \u00e7ocuk mamas\u0131, su, k\u0131\u015fl\u0131k k\u0131yafet, k\u0131\u015fl\u0131k ayakkab\u0131 ve yakacak gibi \u00e7e\u015fitli malzemelerinin bulundu\u011fu 14 TIR dualarla deprem b\u00f6lgesine yolcu edildi.<\/p>\n\n\n\n<p>Kaymakam Ali G\u00f6kay, Belediye Ba\u015fkan\u0131 \u0130lker <a><\/a>Bekler, Cumhuriyet Ba\u015fsavc\u0131s\u0131 Aydemir \u00c7elik, protokol \u00fcyeleri, siyasi parti ve sivil toplum kurulu\u015flar\u0131n\u0131 temsilcileri ve vatanda\u015flar\u0131n kat\u0131ld\u0131\u011f\u0131 programda okunan Kur\u2019an-\u0131 Kerim ve yap\u0131lan duan\u0131n ard\u0131ndan 14 T\u0131rdan olu\u015fan ilk kafile deprem b\u00f6lgesine yolcu edildi.<\/p>\n","protected":false},"excerpt":{"rendered":"<p>AFAD koordinasyonunda, Turhal Kaymakaml\u0131\u011f\u0131 ve Turhal Belediyesi \u0130\u015f birli\u011fiyle depremzedelere g\u00f6nderilmek \u00fczere yard\u0131m malzemelerinin bulundu\u011fu 14 TIR deprem b\u00f6lgesine hareket etti. Is\u0131t\u0131c\u0131, battaniye, g\u0131da maddesi \u00e7ocuk bezi, \u00e7ocuk mamas\u0131, su, k\u0131\u015fl\u0131k k\u0131yafet, k\u0131\u015fl\u0131k ayakkab\u0131 ve yakacak gibi \u00e7e\u015fitli malzemelerinin bulundu\u011fu 14 TIR dualarla deprem b\u00f6lgesine yolcu edildi. Kaymakam Ali G\u00f6kay, Belediye Ba\u015fkan\u0131 \u0130lker Bekler, Cumhuriyet [&hellip;]<\/p>\n","protected":false},"author":2,"featured_media":576,"comment_status":"open","ping_status":"open","sticky":false,"template":"","format":"standard","meta":{"footnotes":""},"categories":[1],"tags":[],"class_list":["post-574","post","type-post","status-publish","format-standard","has-post-thumbnail","hentry","category-turhal-haberleri"],"_links":{"self":[{"href":"https:\/\/www.turhalhakimiyet.com\/index.php\/wp-json\/wp\/v2\/posts\/574","targetHints":{"allow":["GET"]}}],"collection":[{"href":"https:\/\/www.turhalhakimiyet.com\/index.php\/wp-json\/wp\/v2\/posts"}],"about":[{"href":"https:\/\/www.turhalhakimiyet.com\/index.php\/wp-json\/wp\/v2\/types\/post"}],"author":[{"embeddable":true,"href":"https:\/\/www.turhalhakimiyet.com\/index.php\/wp-json\/wp\/v2\/users\/2"}],"replies":[{"embeddable":true,"href":"https:\/\/www.turhalhakimiyet.com\/index.php\/wp-json\/wp\/v2\/comments?post=574"}],"version-history":[{"count":1,"href":"https:\/\/www.turhalhakimiyet.com\/index.php\/wp-json\/wp\/v2\/posts\/574\/revisions"}],"predecessor-version":[{"id":577,"href":"https:\/\/www.turhalhakimiyet.com\/index.php\/wp-json\/wp\/v2\/posts\/574\/revisions\/577"}],"wp:featuredmedia":[{"embeddable":true,"href":"https:\/\/www.turhalhakimiyet.com\/index.php\/wp-json\/wp\/v2\/media\/576"}],"wp:attachment":[{"href":"https:\/\/www.turhalhakimiyet.com\/index.php\/wp-json\/wp\/v2\/media?parent=574"}],"wp:term":[{"taxonomy":"category","embeddable":true,"href":"https:\/\/www.turhalhakimiyet.com\/index.php\/wp-json\/wp\/v2\/categories?post=574"},{"taxonomy":"post_tag","embeddable":true,"href":"https:\/\/www.turhalhakimiyet.com\/index.php\/wp-json\/wp\/v2\/tags?post=574"}],"curies":[{"name":"wp","href":"https:\/\/api.w.org\/{rel}","templated":true}]}}