{"id":578,"date":"2023-02-10T11:26:33","date_gmt":"2023-02-10T08:26:33","guid":{"rendered":"https:\/\/www.turhalhakimiyet.com\/?p=578"},"modified":"2023-02-10T11:26:33","modified_gmt":"2023-02-10T08:26:33","slug":"turhal-ilce-muftulugu-deprem-bolgesine-gorevlendirilen-personeller-dualarla-yolcu-edildi","status":"publish","type":"post","link":"https:\/\/www.turhalhakimiyet.com\/index.php\/turhal-ilce-muftulugu-deprem-bolgesine-gorevlendirilen-personeller-dualarla-yolcu-edildi\/","title":{"rendered":"Turhal \u0130l\u00e7e M\u00fcft\u00fcl\u00fc\u011f\u00fc, Deprem B\u00f6lgesine G\u00f6revlendirilen Personeller Dualarla Yolcu Edildi."},"content":{"rendered":"\n<p>\u00dclkemizde Meydana Gelen Depremde \u0130l M\u00fcft\u00fcl\u00fc\u011f\u00fcn\u00fcn Koordinesinde G\u00f6revlendirilen Din G\u00f6revlileri \u0130l\u00e7e M\u00fcft\u00fcl\u00fc\u011f\u00fcm\u00fcz taraf\u0131ndan deprem b\u00f6lgesine yolcu edildi<\/p>\n","protected":false},"excerpt":{"rendered":"<p>\u00dclkemizde Meydana Gelen Depremde \u0130l M\u00fcft\u00fcl\u00fc\u011f\u00fcn\u00fcn Koordinesinde G\u00f6revlendirilen Din G\u00f6revlileri \u0130l\u00e7e M\u00fcft\u00fcl\u00fc\u011f\u00fcm\u00fcz taraf\u0131ndan deprem b\u00f6lgesine yolcu edildi<\/p>\n","protected":false},"author":2,"featured_media":579,"comment_status":"open","ping_status":"open","sticky":false,"template":"","format":"standard","meta":{"footnotes":""},"categories":[1],"tags":[],"class_list":["post-578","post","type-post","status-publish","format-standard","has-post-thumbnail","hentry","category-turhal-haberleri"],"_links":{"self":[{"href":"https:\/\/www.turhalhakimiyet.com\/index.php\/wp-json\/wp\/v2\/posts\/578","targetHints":{"allow":["GET"]}}],"collection":[{"href":"https:\/\/www.turhalhakimiyet.com\/index.php\/wp-json\/wp\/v2\/posts"}],"about":[{"href":"https:\/\/www.turhalhakimiyet.com\/index.php\/wp-json\/wp\/v2\/types\/post"}],"author":[{"embeddable":true,"href":"https:\/\/www.turhalhakimiyet.com\/index.php\/wp-json\/wp\/v2\/users\/2"}],"replies":[{"embeddable":true,"href":"https:\/\/www.turhalhakimiyet.com\/index.php\/wp-json\/wp\/v2\/comments?post=578"}],"version-history":[{"count":1,"href":"https:\/\/www.turhalhakimiyet.com\/index.php\/wp-json\/wp\/v2\/posts\/578\/revisions"}],"predecessor-version":[{"id":580,"href":"https:\/\/www.turhalhakimiyet.com\/index.php\/wp-json\/wp\/v2\/posts\/578\/revisions\/580"}],"wp:featuredmedia":[{"embeddable":true,"href":"https:\/\/www.turhalhakimiyet.com\/index.php\/wp-json\/wp\/v2\/media\/579"}],"wp:attachment":[{"href":"https:\/\/www.turhalhakimiyet.com\/index.php\/wp-json\/wp\/v2\/media?parent=578"}],"wp:term":[{"taxonomy":"category","embeddable":true,"href":"https:\/\/www.turhalhakimiyet.com\/index.php\/wp-json\/wp\/v2\/categories?post=578"},{"taxonomy":"post_tag","embeddable":true,"href":"https:\/\/www.turhalhakimiyet.com\/index.php\/wp-json\/wp\/v2\/tags?post=578"}],"curies":[{"name":"wp","href":"https:\/\/api.w.org\/{rel}","templated":true}]}}